{"id":213304,"date":"2025-03-30T04:32:53","date_gmt":"2025-03-30T04:32:53","guid":{"rendered":"https:\/\/rnoticias.com.mx\/Portal\/?p=213304"},"modified":"2025-03-30T04:32:53","modified_gmt":"2025-03-30T04:32:53","slug":"tras-consulta-definen-terna-de-candidatos-a-la-rectoria-de-la-unison","status":"publish","type":"post","link":"https:\/\/rnoticias.com.mx\/Portal\/2025\/03\/30\/tras-consulta-definen-terna-de-candidatos-a-la-rectoria-de-la-unison\/","title":{"rendered":"Tras consulta, definen terna de candidatos a la Rector\u00eda de la Unison"},"content":{"rendered":"<p>De acuerdo con lo establecido en la Convocatoria para la elecci\u00f3n de la persona titular de la Rector\u00eda de la Universidad de Sonora, periodo 2025-2030, la Comisi\u00f3n Electoral, conformada para atender dicho proceso, entreg\u00f3 hoy al Colegiado de Asuntos Electorales la terna integrada por Dena Mar\u00eda Jes\u00fas Camarena G\u00f3mez, Cuauht\u00e9moc Gonz\u00e1lez Valdez y Aar\u00f3n Aurelio Grageda Bustamante.<\/p>\n<p>En rueda de prensa, el presidente de dicha comisi\u00f3n, Jes\u00fas Manuel Quiroz Castillo, inform\u00f3 que, tras el c\u00e1lculo del voto ponderado, los resultados fueron los siguientes: Dena Mar\u00eda Jes\u00fas Camarena G\u00f3mez obtuvo el 39.55%, Cuauht\u00e9moc Gonz\u00e1lez Valdez el 28.70% y Aar\u00f3n Aurelio Grageda Bustamante el 19.56%.<\/p>\n<p>\u201cEn atenci\u00f3n a la base ocho de la convocatoria para la elecci\u00f3n a la persona titular de rector\u00eda de la Universidad de Sonora, periodo 2025-2030, se informa que, por acuerdo de la Comisi\u00f3n Electoral, en reuni\u00f3n celebrada a las 9:00 horas, del d\u00eda 28 de marzo de 2025, en la Sala de Colegio Universitario, ubicada en el edificio 9Q3, y con base en los resultados obtenidos en la consulta a la comunidad universitaria el d\u00eda 26 de marzo, se acord\u00f3 la terna de las candidaturas\u201d, indic\u00f3.<\/p>\n<p>\u201cPara ello se consider\u00f3 la ponderaci\u00f3n establecida en el inciso A, del art\u00edculo 18, de la Ley N\u00famero 169 Org\u00e1nica de la Universidad de Sonora y en la fracci\u00f3n 7 del art\u00edculo 58, del Reglamento General de Elecciones\u201d.<\/p>\n<p>Cabe destacar, dijo, que el proceso de elecci\u00f3n registr\u00f3 una participaci\u00f3n hist\u00f3rica del 45.76%, siendo la tercera ocasi\u00f3n en la que se realiza el voto universal dentro de la instituci\u00f3n, aunque es la primera vez que se emplea este mecanismo para la designaci\u00f3n de la persona titular de la Rector\u00eda.<\/p>\n<p>Dio a conocer que, por sectores, los porcentajes de participaci\u00f3n fueron los siguientes: 14,789 alumnos emitieron su voto, representando un 43.46%; 1,143 administrativos participaron, lo que equivale al 52.96%; y 1,790 acad\u00e9micos ejercieron su derecho al voto, alcanzando un 70.3%, sumando un total de 17,722 votos; y se contabilizaron tambi\u00e9n 491 votos nulos.<\/p>\n<p>En cuanto a la consulta, destac\u00f3 la eficacia del sistema de votaci\u00f3n implementado, donde la Direcci\u00f3n de Tecnolog\u00edas de la Informaci\u00f3n, junto con un comit\u00e9 t\u00e9cnico externo, supervis\u00f3 la integridad del proceso, asegurando la transparencia y seguridad del mismo; adem\u00e1s, se cont\u00f3 con la presencia de un notario p\u00fablico y personal del Instituto Estatal Electoral para dar fe y legalidad a la elecci\u00f3n, as\u00ed como de observadores designados por cada aspirante.<\/p>\n<p>En cumplimiento con la convocatoria, los integrantes de la terna deber\u00e1n presentar, a m\u00e1s tardar el 31 de marzo, un documento ampliando su propuesta de Plan de Desarrollo Institucional para el periodo 2025-2030, el cual deber\u00e1 ser entregado en la Oficina T\u00e9cnica del Colegio Universitario en un horario de 9:00 a 14:00 horas.<\/p>\n<p>Posteriormente, el 8 de abril, el Colegio Universitario se instalar\u00e1 en sesi\u00f3n permanente para escuchar las exposiciones de los integrantes de la terna y proceder a la elecci\u00f3n de la persona titular de la Rector\u00eda conforme a lo estipulado en la Ley Org\u00e1nica, el Estatuto General y el Reglamento General de Elecciones.<\/p>\n<p>En reuni\u00f3n con representantes de medios de comunicaci\u00f3n, tambi\u00e9n estuvieron Estrella Aurora D\u00f3rame Bustamante, secretaria de la Comisi\u00f3n Electoral y otros integrantes como los acad\u00e9micos Manuel Tapia Fonllem, Alma Teresita del Ni\u00f1o Jes\u00fas Velarde Mend\u00edvil y Alba Lucina Mart\u00ednez, as\u00ed como la joven Ana carolina Garc\u00eda Valenzuela.<\/p>\n<p>&nbsp;<\/p>\n<p>&nbsp;<\/p>\n","protected":false},"excerpt":{"rendered":"<p>De acuerdo con lo establecido en la Convocatoria para la elecci\u00f3n de la persona titular de la Rector\u00eda de la Universidad de Sonora, periodo 2025-2030, la Comisi\u00f3n Electoral, conformada para atender dicho proceso, entreg\u00f3 hoy al Colegiado de Asuntos Electorales la terna integrada por Dena Mar\u00eda Jes\u00fas Camarena G\u00f3mez, Cuauht\u00e9moc Gonz\u00e1lez Valdez y Aar\u00f3n Aurelio [&hellip;]<\/p>\n","protected":false},"author":2,"featured_media":213305,"comment_status":"closed","ping_status":"closed","sticky":false,"template":"","format":"standard","meta":{"footnotes":""},"categories":[12870,178],"tags":[12865,12869],"class_list":["post-213304","post","type-post","status-publish","format-standard","has-post-thumbnail","hentry","category-destacadas","category-local","tag-destacadas","tag-local"],"jetpack_featured_media_url":"https:\/\/rnoticias.com.mx\/Portal\/wp-content\/uploads\/2025\/03\/Comision-Electoral.jpeg","amp_enabled":true,"_links":{"self":[{"href":"https:\/\/rnoticias.com.mx\/Portal\/wp-json\/wp\/v2\/posts\/213304","targetHints":{"allow":["GET"]}}],"collection":[{"href":"https:\/\/rnoticias.com.mx\/Portal\/wp-json\/wp\/v2\/posts"}],"about":[{"href":"https:\/\/rnoticias.com.mx\/Portal\/wp-json\/wp\/v2\/types\/post"}],"author":[{"embeddable":true,"href":"https:\/\/rnoticias.com.mx\/Portal\/wp-json\/wp\/v2\/users\/2"}],"replies":[{"embeddable":true,"href":"https:\/\/rnoticias.com.mx\/Portal\/wp-json\/wp\/v2\/comments?post=213304"}],"version-history":[{"count":1,"href":"https:\/\/rnoticias.com.mx\/Portal\/wp-json\/wp\/v2\/posts\/213304\/revisions"}],"predecessor-version":[{"id":213306,"href":"https:\/\/rnoticias.com.mx\/Portal\/wp-json\/wp\/v2\/posts\/213304\/revisions\/213306"}],"wp:featuredmedia":[{"embeddable":true,"href":"https:\/\/rnoticias.com.mx\/Portal\/wp-json\/wp\/v2\/media\/213305"}],"wp:attachment":[{"href":"https:\/\/rnoticias.com.mx\/Portal\/wp-json\/wp\/v2\/media?parent=213304"}],"wp:term":[{"taxonomy":"category","embeddable":true,"href":"https:\/\/rnoticias.com.mx\/Portal\/wp-json\/wp\/v2\/categories?post=213304"},{"taxonomy":"post_tag","embeddable":true,"href":"https:\/\/rnoticias.com.mx\/Portal\/wp-json\/wp\/v2\/tags?post=213304"}],"curies":[{"name":"wp","href":"https:\/\/api.w.org\/{rel}","templated":true}]}}