{"id":213298,"date":"2025-03-30T04:22:47","date_gmt":"2025-03-30T04:22:47","guid":{"rendered":"https:\/\/rnoticias.com.mx\/Portal\/?p=213298"},"modified":"2025-03-30T04:22:47","modified_gmt":"2025-03-30T04:22:47","slug":"reconoce-el-ayuntamiento-de-hermosillo-el-trabajo-de-las-mujeres-en-la-seguridad","status":"publish","type":"post","link":"https:\/\/rnoticias.com.mx\/Portal\/2025\/03\/30\/reconoce-el-ayuntamiento-de-hermosillo-el-trabajo-de-las-mujeres-en-la-seguridad\/","title":{"rendered":"Reconoce el Ayuntamiento de Hermosillo el trabajo de las Mujeres en la Seguridad"},"content":{"rendered":"<p><b data-olk-copy-source=\"MessageBody\">Hermosillo, Sonora; 29 de marzo, 2025.-<\/b>Integrantes femeninas de corporaciones de los tres \u00f3rdenes de Gobierno, participaron en la primera edici\u00f3n de la feria de Seguridad P\u00fablica \u201cEllas Te cuidan\u201d, que organiz\u00f3 la Jefatura de Polic\u00eda Preventiva y Tr\u00e1nsito Municipal a trav\u00e9s de la Unidad de G\u00e9nero.<\/p>\n<p aria-hidden=\"true\">\n<p>Con la representaci\u00f3n del Presidente Municipal Antonio Astiazar\u00e1n, el Secretario del Ayuntamiento Eduardo Acu\u00f1a Padilla dio la bienvenida al personal de las 12 instituciones participantes por ser parte de un evento in\u00e9dito en el que muestran lo mucho que aportan en beneficio de toda la comunidad.<\/p>\n<p aria-hidden=\"true\">\n<p>\u201cSi hay algo que interesa, si hay algo que nos preocupa, y nos ocupa principalmente, en el Ayuntamiento de Hermosillo, es reconocer la labor que hacen todas y cada una de las mujeres en sus distintas funciones en la administraci\u00f3n municipal, pero particularmente en las de seguridad p\u00fablica\u201d, destac\u00f3.<\/p>\n<p aria-hidden=\"true\">\n<p>Hizo notar y agradeci\u00f3 la presencia de integrantes de la Guardia Nacional, la Regi\u00f3n A\u00e9rea del Noroeste de la Fuerza A\u00e9rea Mexicana, el Hospital Militar, la Secretar\u00eda de Seguridad P\u00fablica del Gobierno del Estado con el programa SALVA, la Comisi\u00f3n Estatal de los Derechos Humanos, Instituto de Mediaci\u00f3n de M\u00e9xico, Patronato de Seguridad P\u00fablica, Bomberos de Hermosillo, Cruz Roja de Hermosillo, Jur\u00eddicas Feministas A. C. y agentes de todos los mandos de la Polic\u00eda Preventiva y Tr\u00e1nsito Municipal como anfitriones.<\/p>\n<p aria-hidden=\"true\">\n<p>A su vez Ang\u00e9lica Mar\u00eda Pay\u00e1n Garc\u00eda, directora de Unidad de G\u00e9nero de la corporaci\u00f3n policiaca municipal explic\u00f3 que esta feria forma parte de las actividades con las que en Hermosillo se conmemora el D\u00eda Internacional de la Mujer.<\/p>\n<p aria-hidden=\"true\">\n<p>\u201cLa coincidencia que nos une esta tarde es que todas y todos los que estamos aqu\u00ed en las diferentes instancias y corporaciones es esa b\u00fasqueda de igualdad, respeto, equidad y conciencia hacia el trabajo que hacen las mujeres en este \u00e1mbito que es la seguridad\u201d, expres\u00f3.<\/p>\n<p aria-hidden=\"true\">\n<p>Las personas asistentes a esta feria tuvieron oportunidad de conocer de primera mano lo que las expositoras realizan cotidianamente para servir y proteger a la poblaci\u00f3n, as\u00ed como el equipamiento con que realizan su trabajo.<\/p>\n","protected":false},"excerpt":{"rendered":"<p>Hermosillo, Sonora; 29 de marzo, 2025.-Integrantes femeninas de corporaciones de los tres \u00f3rdenes de Gobierno, participaron en la primera edici\u00f3n de la feria de Seguridad P\u00fablica \u201cEllas Te cuidan\u201d, que organiz\u00f3 la Jefatura de Polic\u00eda Preventiva y Tr\u00e1nsito Municipal a trav\u00e9s de la Unidad de G\u00e9nero. Con la representaci\u00f3n del Presidente Municipal Antonio Astiazar\u00e1n, el [&hellip;]<\/p>\n","protected":false},"author":2,"featured_media":213299,"comment_status":"closed","ping_status":"closed","sticky":false,"template":"","format":"standard","meta":{"footnotes":""},"categories":[12870,178],"tags":[12865,12869],"class_list":["post-213298","post","type-post","status-publish","format-standard","has-post-thumbnail","hentry","category-destacadas","category-local","tag-destacadas","tag-local"],"jetpack_featured_media_url":"https:\/\/rnoticias.com.mx\/Portal\/wp-content\/uploads\/2025\/03\/Reconoce-el-Ayuntamiento-de-Hermosillo-el-trabajo-de-las-Mujeres-en-la-Seguridad3.jpeg","amp_enabled":true,"_links":{"self":[{"href":"https:\/\/rnoticias.com.mx\/Portal\/wp-json\/wp\/v2\/posts\/213298","targetHints":{"allow":["GET"]}}],"collection":[{"href":"https:\/\/rnoticias.com.mx\/Portal\/wp-json\/wp\/v2\/posts"}],"about":[{"href":"https:\/\/rnoticias.com.mx\/Portal\/wp-json\/wp\/v2\/types\/post"}],"author":[{"embeddable":true,"href":"https:\/\/rnoticias.com.mx\/Portal\/wp-json\/wp\/v2\/users\/2"}],"replies":[{"embeddable":true,"href":"https:\/\/rnoticias.com.mx\/Portal\/wp-json\/wp\/v2\/comments?post=213298"}],"version-history":[{"count":1,"href":"https:\/\/rnoticias.com.mx\/Portal\/wp-json\/wp\/v2\/posts\/213298\/revisions"}],"predecessor-version":[{"id":213300,"href":"https:\/\/rnoticias.com.mx\/Portal\/wp-json\/wp\/v2\/posts\/213298\/revisions\/213300"}],"wp:featuredmedia":[{"embeddable":true,"href":"https:\/\/rnoticias.com.mx\/Portal\/wp-json\/wp\/v2\/media\/213299"}],"wp:attachment":[{"href":"https:\/\/rnoticias.com.mx\/Portal\/wp-json\/wp\/v2\/media?parent=213298"}],"wp:term":[{"taxonomy":"category","embeddable":true,"href":"https:\/\/rnoticias.com.mx\/Portal\/wp-json\/wp\/v2\/categories?post=213298"},{"taxonomy":"post_tag","embeddable":true,"href":"https:\/\/rnoticias.com.mx\/Portal\/wp-json\/wp\/v2\/tags?post=213298"}],"curies":[{"name":"wp","href":"https:\/\/api.w.org\/{rel}","templated":true}]}}