{"id":213291,"date":"2025-03-30T04:16:04","date_gmt":"2025-03-30T04:16:04","guid":{"rendered":"https:\/\/rnoticias.com.mx\/Portal\/?p=213291"},"modified":"2025-03-30T04:16:04","modified_gmt":"2025-03-30T04:16:04","slug":"recuerda-ine-que-este-31-de-marzo-es-la-fecha-limite-para-recoger-la-credencial-para-votar","status":"publish","type":"post","link":"https:\/\/rnoticias.com.mx\/Portal\/2025\/03\/30\/recuerda-ine-que-este-31-de-marzo-es-la-fecha-limite-para-recoger-la-credencial-para-votar\/","title":{"rendered":"Recuerda INE que este 31 de marzo es la fecha l\u00edmite para recoger la Credencial para Votar"},"content":{"rendered":"<p class=\"x_MsoNormal\"><span data-olk-copy-source=\"MessageBody\">El Instituto Nacional Electoral (INE) recuerda a la ciudadan\u00eda que el pr\u00f3ximo 31 de marzo es la fecha l\u00edmite para recoger la Credencial para Votar.<\/span><\/p>\n<p class=\"x_MsoNormal\">\n<p class=\"x_MsoNormal\">Las y los ciudadanos que se inscribieron en el Padr\u00f3n Electoral, notificaron su cambio de domicilio o solicitaron alg\u00fan otro tr\u00e1mite como renovaci\u00f3n o reposici\u00f3n de su Credencial para Votar, deber\u00e1n acudir al M\u00f3dulo de Atenci\u00f3n Ciudadana donde la tramitaron y recoger este documento indispensable para participar en las elecciones del 1 de junio.<\/p>\n<p class=\"x_MsoNormal\">\n<p class=\"x_MsoNormal\">Las credenciales que no sean recogidas ser\u00e1n resguardadas y podr\u00e1n ser entregadas a sus titulares hasta el pr\u00f3ximo 2 de junio.<\/p>\n","protected":false},"excerpt":{"rendered":"<p>El Instituto Nacional Electoral (INE) recuerda a la ciudadan\u00eda que el pr\u00f3ximo 31 de marzo es la fecha l\u00edmite para recoger la Credencial para Votar. Las y los ciudadanos que se inscribieron en el Padr\u00f3n Electoral, notificaron su cambio de domicilio o solicitaron alg\u00fan otro tr\u00e1mite como renovaci\u00f3n o reposici\u00f3n de su Credencial para Votar, [&hellip;]<\/p>\n","protected":false},"author":2,"featured_media":213292,"comment_status":"closed","ping_status":"closed","sticky":false,"template":"","format":"standard","meta":{"footnotes":""},"categories":[12870,172],"tags":[12865,12874],"class_list":["post-213291","post","type-post","status-publish","format-standard","has-post-thumbnail","hentry","category-destacadas","category-nacional","tag-destacadas","tag-nacional"],"jetpack_featured_media_url":"https:\/\/rnoticias.com.mx\/Portal\/wp-content\/uploads\/2025\/03\/1a94507a-250209aeine-14-scaled-1.jpg","amp_enabled":true,"_links":{"self":[{"href":"https:\/\/rnoticias.com.mx\/Portal\/wp-json\/wp\/v2\/posts\/213291","targetHints":{"allow":["GET"]}}],"collection":[{"href":"https:\/\/rnoticias.com.mx\/Portal\/wp-json\/wp\/v2\/posts"}],"about":[{"href":"https:\/\/rnoticias.com.mx\/Portal\/wp-json\/wp\/v2\/types\/post"}],"author":[{"embeddable":true,"href":"https:\/\/rnoticias.com.mx\/Portal\/wp-json\/wp\/v2\/users\/2"}],"replies":[{"embeddable":true,"href":"https:\/\/rnoticias.com.mx\/Portal\/wp-json\/wp\/v2\/comments?post=213291"}],"version-history":[{"count":2,"href":"https:\/\/rnoticias.com.mx\/Portal\/wp-json\/wp\/v2\/posts\/213291\/revisions"}],"predecessor-version":[{"id":213294,"href":"https:\/\/rnoticias.com.mx\/Portal\/wp-json\/wp\/v2\/posts\/213291\/revisions\/213294"}],"wp:featuredmedia":[{"embeddable":true,"href":"https:\/\/rnoticias.com.mx\/Portal\/wp-json\/wp\/v2\/media\/213292"}],"wp:attachment":[{"href":"https:\/\/rnoticias.com.mx\/Portal\/wp-json\/wp\/v2\/media?parent=213291"}],"wp:term":[{"taxonomy":"category","embeddable":true,"href":"https:\/\/rnoticias.com.mx\/Portal\/wp-json\/wp\/v2\/categories?post=213291"},{"taxonomy":"post_tag","embeddable":true,"href":"https:\/\/rnoticias.com.mx\/Portal\/wp-json\/wp\/v2\/tags?post=213291"}],"curies":[{"name":"wp","href":"https:\/\/api.w.org\/{rel}","templated":true}]}}