{"id":213288,"date":"2025-03-30T04:14:11","date_gmt":"2025-03-30T04:14:11","guid":{"rendered":"https:\/\/rnoticias.com.mx\/Portal\/?p=213288"},"modified":"2025-03-30T04:14:11","modified_gmt":"2025-03-30T04:14:11","slug":"con-una-gran-variedad-de-platillos-realizaran-taco-fest-el-proximo-domingo","status":"publish","type":"post","link":"https:\/\/rnoticias.com.mx\/Portal\/2025\/03\/30\/con-una-gran-variedad-de-platillos-realizaran-taco-fest-el-proximo-domingo\/","title":{"rendered":"Con una gran variedad de platillos realizar\u00e1n &#8220;Taco Fest&#8221; el pr\u00f3ximo domingo"},"content":{"rendered":"<p><b data-olk-copy-source=\"MessageBody\">Hermosillo, Sonora; 28 de marzo, 2025.-<\/b>\u00a0Familias hermosillenses y visitantes podr\u00e1n disfrutar de la gran variedad de comercios de venta de tacos de carne asada y de carne al pastor en el Taco Fest, que se realizar\u00e1 en el sexto aniversario de V\u00edactiva, este domingo 30 de marzo en el centro hist\u00f3rico de la ciudad.<\/p>\n<p aria-hidden=\"true\">\n<p>La directora de Desarrollo Tur\u00edstico de la Agencia Municipal de Desarrollo Econ\u00f3mico, Fernanda Cisneros Rodr\u00edguez, coment\u00f3 que ya tienen todo listo para el gran evento en el que habr\u00e1 un concurso entre los 70 negocios que estar\u00e1n presentes.<\/p>\n<p aria-hidden=\"true\">\n<p>El requisito para participar en el concurso fue tener un negocio establecido o un punto de venta, con el objetivo de promover proyectos y nuevos empresarios. Se premiar\u00e1 a dos categor\u00edas, el mejor taco de carne asada de la H y el mejor de trompo al pastor de la H.<\/p>\n<p aria-hidden=\"true\">\n<p>La cita es a partir de las 17:00 horas en la Plaza Zaragoza donde se aprovechar\u00e1 para festejar el D\u00eda Internacional del Taco que es el 31 de marzo.<\/p>\n<p aria-hidden=\"true\">\n<p>El premio para los ganadores de cada categor\u00eda ser\u00e1 una placa para que sea colocada en el negocio ganador, promoci\u00f3n en las redes sociales del Gobierno Municipal, un espacio sin ning\u00fan costo para vender en el Festival del Globo, as\u00ed como beneficios por parte de los patrocinadores del evento.<\/p>\n<p aria-hidden=\"true\">\n<p>Por cuestiones de log\u00edstica y de montaje de los puestos las calles se cerrar\u00e1n las vialidades alrededor del evento a partir de las 9:00 horas del mismo domingo 30 de marzo.<\/p>\n","protected":false},"excerpt":{"rendered":"<p>Hermosillo, Sonora; 28 de marzo, 2025.-\u00a0Familias hermosillenses y visitantes podr\u00e1n disfrutar de la gran variedad de comercios de venta de tacos de carne asada y de carne al pastor en el Taco Fest, que se realizar\u00e1 en el sexto aniversario de V\u00edactiva, este domingo 30 de marzo en el centro hist\u00f3rico de la ciudad. La [&hellip;]<\/p>\n","protected":false},"author":2,"featured_media":213289,"comment_status":"closed","ping_status":"closed","sticky":false,"template":"","format":"standard","meta":{"footnotes":""},"categories":[12870,178],"tags":[12865,12869],"class_list":["post-213288","post","type-post","status-publish","format-standard","has-post-thumbnail","hentry","category-destacadas","category-local","tag-destacadas","tag-local"],"jetpack_featured_media_url":"https:\/\/rnoticias.com.mx\/Portal\/wp-content\/uploads\/2025\/03\/Taco-Fest5.jpeg","amp_enabled":true,"_links":{"self":[{"href":"https:\/\/rnoticias.com.mx\/Portal\/wp-json\/wp\/v2\/posts\/213288","targetHints":{"allow":["GET"]}}],"collection":[{"href":"https:\/\/rnoticias.com.mx\/Portal\/wp-json\/wp\/v2\/posts"}],"about":[{"href":"https:\/\/rnoticias.com.mx\/Portal\/wp-json\/wp\/v2\/types\/post"}],"author":[{"embeddable":true,"href":"https:\/\/rnoticias.com.mx\/Portal\/wp-json\/wp\/v2\/users\/2"}],"replies":[{"embeddable":true,"href":"https:\/\/rnoticias.com.mx\/Portal\/wp-json\/wp\/v2\/comments?post=213288"}],"version-history":[{"count":1,"href":"https:\/\/rnoticias.com.mx\/Portal\/wp-json\/wp\/v2\/posts\/213288\/revisions"}],"predecessor-version":[{"id":213290,"href":"https:\/\/rnoticias.com.mx\/Portal\/wp-json\/wp\/v2\/posts\/213288\/revisions\/213290"}],"wp:featuredmedia":[{"embeddable":true,"href":"https:\/\/rnoticias.com.mx\/Portal\/wp-json\/wp\/v2\/media\/213289"}],"wp:attachment":[{"href":"https:\/\/rnoticias.com.mx\/Portal\/wp-json\/wp\/v2\/media?parent=213288"}],"wp:term":[{"taxonomy":"category","embeddable":true,"href":"https:\/\/rnoticias.com.mx\/Portal\/wp-json\/wp\/v2\/categories?post=213288"},{"taxonomy":"post_tag","embeddable":true,"href":"https:\/\/rnoticias.com.mx\/Portal\/wp-json\/wp\/v2\/tags?post=213288"}],"curies":[{"name":"wp","href":"https:\/\/api.w.org\/{rel}","templated":true}]}}