{"id":213282,"date":"2025-03-30T04:08:41","date_gmt":"2025-03-30T04:08:41","guid":{"rendered":"https:\/\/rnoticias.com.mx\/Portal\/?p=213282"},"modified":"2025-03-30T04:08:41","modified_gmt":"2025-03-30T04:08:41","slug":"se-formula-imputacion-contra-sujeto-por-violacion-agravada-en-san-luis-rio-colorado","status":"publish","type":"post","link":"https:\/\/rnoticias.com.mx\/Portal\/2025\/03\/30\/se-formula-imputacion-contra-sujeto-por-violacion-agravada-en-san-luis-rio-colorado\/","title":{"rendered":"Se formula imputaci\u00f3n contra sujeto por violaci\u00f3n agravada en San Luis R\u00edo Colorado"},"content":{"rendered":"<p>San Luis R\u00edo Colorado, Sonora, 29 de marzo de 2025.- Ante s\u00f3lidos datos de prueba, obtenidos en investigaciones con perspectiva de g\u00e9nero, la Fiscal\u00eda General de Justicia del Estado de Sonora (FGJES) captur\u00f3 con base a un mandato a judicial a Abraham \u201cN\u201d, de 37 a\u00f1os, y ante el Juez le imput\u00f3 el delito de violaci\u00f3n agravada en perjuicio de una mujer, en San Luis R\u00edo Colorado, Sonora.<\/p>\n<p>La detenci\u00f3n se realiz\u00f3 en la colonia Aeropuerto; posteriormente, se celebr\u00f3 la respectiva audiencia, en la que se solicit\u00f3 la vinculaci\u00f3n a proceso, ampliando la defensa del imputado el t\u00e9rmino constitucional para su resoluci\u00f3n, pero se le impuso prisi\u00f3n preventiva justificada.<\/p>\n<p>En las investigaciones, para integrar la carpeta, se estableci\u00f3 que los hechos ocurrieron el 21 de abril de 2023, cuando la v\u00edctima fue agredida sexualmente tras ser amenazada por el imputado con difundir en redes sociales contenido \u00edntimo de su persona, en caso de negarse a sostener relaciones sexuales.<\/p>\n<p>La Fiscal\u00eda General de Justicia del Estado de Sonora (FGJES) contin\u00faa impulsando acciones firmes para atender, investigar y sancionar toda forma de violencia de g\u00e9nero, garantizando justicia para las v\u00edctimas y actuando con estricto apego a los derechos humanos y al marco legal.<\/p>\n","protected":false},"excerpt":{"rendered":"<p>San Luis R\u00edo Colorado, Sonora, 29 de marzo de 2025.- Ante s\u00f3lidos datos de prueba, obtenidos en investigaciones con perspectiva de g\u00e9nero, la Fiscal\u00eda General de Justicia del Estado de Sonora (FGJES) captur\u00f3 con base a un mandato a judicial a Abraham \u201cN\u201d, de 37 a\u00f1os, y ante el Juez le imput\u00f3 el delito de [&hellip;]<\/p>\n","protected":false},"author":2,"featured_media":213283,"comment_status":"closed","ping_status":"closed","sticky":false,"template":"","format":"standard","meta":{"footnotes":""},"categories":[12870,174],"tags":[12865,12873],"class_list":["post-213282","post","type-post","status-publish","format-standard","has-post-thumbnail","hentry","category-destacadas","category-estatal","tag-destacadas","tag-estatal"],"jetpack_featured_media_url":"https:\/\/rnoticias.com.mx\/Portal\/wp-content\/uploads\/2025\/03\/bd944600-0f52-4166-bdca-94438a68384b.jpg","amp_enabled":true,"_links":{"self":[{"href":"https:\/\/rnoticias.com.mx\/Portal\/wp-json\/wp\/v2\/posts\/213282","targetHints":{"allow":["GET"]}}],"collection":[{"href":"https:\/\/rnoticias.com.mx\/Portal\/wp-json\/wp\/v2\/posts"}],"about":[{"href":"https:\/\/rnoticias.com.mx\/Portal\/wp-json\/wp\/v2\/types\/post"}],"author":[{"embeddable":true,"href":"https:\/\/rnoticias.com.mx\/Portal\/wp-json\/wp\/v2\/users\/2"}],"replies":[{"embeddable":true,"href":"https:\/\/rnoticias.com.mx\/Portal\/wp-json\/wp\/v2\/comments?post=213282"}],"version-history":[{"count":1,"href":"https:\/\/rnoticias.com.mx\/Portal\/wp-json\/wp\/v2\/posts\/213282\/revisions"}],"predecessor-version":[{"id":213284,"href":"https:\/\/rnoticias.com.mx\/Portal\/wp-json\/wp\/v2\/posts\/213282\/revisions\/213284"}],"wp:featuredmedia":[{"embeddable":true,"href":"https:\/\/rnoticias.com.mx\/Portal\/wp-json\/wp\/v2\/media\/213283"}],"wp:attachment":[{"href":"https:\/\/rnoticias.com.mx\/Portal\/wp-json\/wp\/v2\/media?parent=213282"}],"wp:term":[{"taxonomy":"category","embeddable":true,"href":"https:\/\/rnoticias.com.mx\/Portal\/wp-json\/wp\/v2\/categories?post=213282"},{"taxonomy":"post_tag","embeddable":true,"href":"https:\/\/rnoticias.com.mx\/Portal\/wp-json\/wp\/v2\/tags?post=213282"}],"curies":[{"name":"wp","href":"https:\/\/api.w.org\/{rel}","templated":true}]}}