{"id":213279,"date":"2025-03-30T04:06:03","date_gmt":"2025-03-30T04:06:03","guid":{"rendered":"https:\/\/rnoticias.com.mx\/Portal\/?p=213279"},"modified":"2025-03-30T04:06:03","modified_gmt":"2025-03-30T04:06:03","slug":"cumplimentan-tres-ordenes-de-aprehension-a-el-ponchis-y-o-el-fantasma-por-homicidios","status":"publish","type":"post","link":"https:\/\/rnoticias.com.mx\/Portal\/2025\/03\/30\/cumplimentan-tres-ordenes-de-aprehension-a-el-ponchis-y-o-el-fantasma-por-homicidios\/","title":{"rendered":"Cumplimentan tres \u00f3rdenes de aprehensi\u00f3n a \u201cEl Ponchis\u201d y\/o \u201cEl Fantasma\u201d por homicidios"},"content":{"rendered":"<p>Hermosillo, Sonora, 29 de marzo de 2025.- Elementos de la Agencia Ministerial de Investigaci\u00f3n Criminal (AMIC) ejecutaron tres \u00f3rdenes de aprehensi\u00f3n por reclusi\u00f3n en contra de Sal\u00fa Francisco \u201cN\u201d, alias \u201cEl Ponchis\u201d y\/o \u201cEl Fantasma\u201d, de 37 a\u00f1os, objetivo prioritario por su alta peligrosidad y por generar violencia en el Estado.<\/p>\n<p>Las \u00f3rdenes de aprehensi\u00f3n corresponden a diversos delitos de homicidio ocurridos en 2015, 2016 y 2021, adicional a estos mandamientos judiciales cumplimentados se investiga su participaci\u00f3n en otros delitos del fuero com\u00fan.<\/p>\n<p>Sal\u00fa Francisco \u201cN\u201d se encuentra recluido en un Centro de Reinserci\u00f3n Social (CERESO) tras ser capturado en Hermosillo el pasado 26 de marzo, en un operativo conjunto realizado entre la AMIC, Secretar\u00eda de la Defensa Nacional (DEFENSA) y Guardia Nacional (GN), por un delito contra la salud y falsedad de declaraciones.<\/p>\n<p>La Fiscal\u00eda General de Justicia del Estado de Sonora (FGJES) reitera su firme compromiso de aplicar todo el peso de la ley a individuos que representan un riesgo para la sociedad, fortaleciendo la coordinaci\u00f3n entre fuerzas estatales y federales para garantizar la seguridad ciudadana.<\/p>\n","protected":false},"excerpt":{"rendered":"<p>Hermosillo, Sonora, 29 de marzo de 2025.- Elementos de la Agencia Ministerial de Investigaci\u00f3n Criminal (AMIC) ejecutaron tres \u00f3rdenes de aprehensi\u00f3n por reclusi\u00f3n en contra de Sal\u00fa Francisco \u201cN\u201d, alias \u201cEl Ponchis\u201d y\/o \u201cEl Fantasma\u201d, de 37 a\u00f1os, objetivo prioritario por su alta peligrosidad y por generar violencia en el Estado. Las \u00f3rdenes de aprehensi\u00f3n [&hellip;]<\/p>\n","protected":false},"author":2,"featured_media":213280,"comment_status":"closed","ping_status":"closed","sticky":false,"template":"","format":"standard","meta":{"footnotes":""},"categories":[12870,178],"tags":[12865,12869],"class_list":["post-213279","post","type-post","status-publish","format-standard","has-post-thumbnail","hentry","category-destacadas","category-local","tag-destacadas","tag-local"],"jetpack_featured_media_url":"https:\/\/rnoticias.com.mx\/Portal\/wp-content\/uploads\/2025\/03\/11ccb54d-7a4d-4f5c-8b29-222d220b807c.jpg","amp_enabled":true,"_links":{"self":[{"href":"https:\/\/rnoticias.com.mx\/Portal\/wp-json\/wp\/v2\/posts\/213279","targetHints":{"allow":["GET"]}}],"collection":[{"href":"https:\/\/rnoticias.com.mx\/Portal\/wp-json\/wp\/v2\/posts"}],"about":[{"href":"https:\/\/rnoticias.com.mx\/Portal\/wp-json\/wp\/v2\/types\/post"}],"author":[{"embeddable":true,"href":"https:\/\/rnoticias.com.mx\/Portal\/wp-json\/wp\/v2\/users\/2"}],"replies":[{"embeddable":true,"href":"https:\/\/rnoticias.com.mx\/Portal\/wp-json\/wp\/v2\/comments?post=213279"}],"version-history":[{"count":1,"href":"https:\/\/rnoticias.com.mx\/Portal\/wp-json\/wp\/v2\/posts\/213279\/revisions"}],"predecessor-version":[{"id":213281,"href":"https:\/\/rnoticias.com.mx\/Portal\/wp-json\/wp\/v2\/posts\/213279\/revisions\/213281"}],"wp:featuredmedia":[{"embeddable":true,"href":"https:\/\/rnoticias.com.mx\/Portal\/wp-json\/wp\/v2\/media\/213280"}],"wp:attachment":[{"href":"https:\/\/rnoticias.com.mx\/Portal\/wp-json\/wp\/v2\/media?parent=213279"}],"wp:term":[{"taxonomy":"category","embeddable":true,"href":"https:\/\/rnoticias.com.mx\/Portal\/wp-json\/wp\/v2\/categories?post=213279"},{"taxonomy":"post_tag","embeddable":true,"href":"https:\/\/rnoticias.com.mx\/Portal\/wp-json\/wp\/v2\/tags?post=213279"}],"curies":[{"name":"wp","href":"https:\/\/api.w.org\/{rel}","templated":true}]}}