{"id":213276,"date":"2025-03-30T04:05:12","date_gmt":"2025-03-30T04:05:12","guid":{"rendered":"https:\/\/rnoticias.com.mx\/Portal\/?p=213276"},"modified":"2025-03-30T04:05:12","modified_gmt":"2025-03-30T04:05:12","slug":"vinculado-a-proceso-sujeto-por-delito-de-robo-con-violencia-y-privacion-agravada-en-hermosillo","status":"publish","type":"post","link":"https:\/\/rnoticias.com.mx\/Portal\/2025\/03\/30\/vinculado-a-proceso-sujeto-por-delito-de-robo-con-violencia-y-privacion-agravada-en-hermosillo\/","title":{"rendered":"Vinculado a proceso sujeto por delito de robo con violencia y privaci\u00f3n agravada en Hermosillo"},"content":{"rendered":"<p>Hermosillo, Sonora, 29 de marzo de 2025.- La Fiscal\u00eda General de Justicia del Estado de Sonora (FGJES) obtuvo la vinculaci\u00f3n a proceso de Ram\u00f3n Leonardo \u201cN\u201d, de 34 a\u00f1os, por los delitos de robo cometido de noche con violencia y privaci\u00f3n agravada en concurso real, hecho ocurrido el pasado 25 de marzo en una vivienda de la colonia Urbi Villa Campestre en Hermosillo.<\/p>\n<p>En un inicio, a trav\u00e9s del Centro de Atenci\u00f3n Temprana (CAT) Especializado en Detenciones en Flagrancia, se realiz\u00f3 la integraci\u00f3n de la carpeta de investigaci\u00f3n con su captura por su presunta responsabilidad en los delitos de allanamiento de morada agravado y privaci\u00f3n ilegal de la libertad agravada.<\/p>\n<p>Los hechos ocurrieron cuando la v\u00edctima, Guillermo \u201cN\u201d, de 52 a\u00f1os, lleg\u00f3 a su domicilio en la citada colonia y observ\u00f3 que su vivienda no ten\u00eda energ\u00eda el\u00e9ctrica.<\/p>\n<p>Tras subir los t\u00e9rmicos, not\u00f3 que la puerta principal estaba abierta, por lo que llam\u00f3 al n\u00famero de emergencias 911 y posteriormente ingres\u00f3 a su casa.<\/p>\n<p>Mientras se encontraba en el interior, fue sorprendido por un golpe en la cabeza con un block de cemento, propinado por el hoy detenido, quien le manifest\u00f3 que lo hab\u00edan enviado a agredirlo, adem\u00e1s de exigirle le entregara sus tarjetas bancarias, entre otras pertenencias.<\/p>\n<p>Acto seguido, lo at\u00f3 de pies y manos con cinta gris, dej\u00e1ndolo inmovilizado por varios minutos. Posteriormente, el agresor abandon\u00f3 el domicilio por la puerta principal.<\/p>\n<p>La v\u00edctima, al lograr salir del domicilio, se encontr\u00f3 con una unidad de la Polic\u00eda Municipal que atend\u00eda el reporte de emergencia, de inmediato se\u00f1al\u00f3 al agresor, quien a\u00fan se encontraba en las inmediaciones, logrando su detenci\u00f3n para ser puesto a disposici\u00f3n del agente del Ministerio P\u00fablico.<\/p>\n<p>En audiencia el Juez concedi\u00f3 la vinculaci\u00f3n a proceso de Ram\u00f3n Leonardo \u201cN\u201d, impuso prisi\u00f3n preventiva justificada y otorg\u00f3 un mes para la investigaci\u00f3n complementaria.<\/p>\n<p>La Fiscal\u00eda General de Justicia del Estado de Sonora (FGJES) refrenda su compromiso con la atenci\u00f3n inmediata y eficaz de los hechos delictivos, asegurando que quienes cometan actos violentos y vulneren la seguridad en los hogares de las y los sonorenses enfrenten las consecuencias legales correspondientes.<\/p>\n","protected":false},"excerpt":{"rendered":"<p>Hermosillo, Sonora, 29 de marzo de 2025.- La Fiscal\u00eda General de Justicia del Estado de Sonora (FGJES) obtuvo la vinculaci\u00f3n a proceso de Ram\u00f3n Leonardo \u201cN\u201d, de 34 a\u00f1os, por los delitos de robo cometido de noche con violencia y privaci\u00f3n agravada en concurso real, hecho ocurrido el pasado 25 de marzo en una vivienda [&hellip;]<\/p>\n","protected":false},"author":2,"featured_media":213277,"comment_status":"closed","ping_status":"closed","sticky":false,"template":"","format":"standard","meta":{"footnotes":""},"categories":[12870,178],"tags":[12865,12869],"class_list":["post-213276","post","type-post","status-publish","format-standard","has-post-thumbnail","hentry","category-destacadas","category-local","tag-destacadas","tag-local"],"jetpack_featured_media_url":"https:\/\/rnoticias.com.mx\/Portal\/wp-content\/uploads\/2025\/03\/52f578c5-9a8c-43f1-b3a2-0ba32398b263.jpg","amp_enabled":true,"_links":{"self":[{"href":"https:\/\/rnoticias.com.mx\/Portal\/wp-json\/wp\/v2\/posts\/213276","targetHints":{"allow":["GET"]}}],"collection":[{"href":"https:\/\/rnoticias.com.mx\/Portal\/wp-json\/wp\/v2\/posts"}],"about":[{"href":"https:\/\/rnoticias.com.mx\/Portal\/wp-json\/wp\/v2\/types\/post"}],"author":[{"embeddable":true,"href":"https:\/\/rnoticias.com.mx\/Portal\/wp-json\/wp\/v2\/users\/2"}],"replies":[{"embeddable":true,"href":"https:\/\/rnoticias.com.mx\/Portal\/wp-json\/wp\/v2\/comments?post=213276"}],"version-history":[{"count":1,"href":"https:\/\/rnoticias.com.mx\/Portal\/wp-json\/wp\/v2\/posts\/213276\/revisions"}],"predecessor-version":[{"id":213278,"href":"https:\/\/rnoticias.com.mx\/Portal\/wp-json\/wp\/v2\/posts\/213276\/revisions\/213278"}],"wp:featuredmedia":[{"embeddable":true,"href":"https:\/\/rnoticias.com.mx\/Portal\/wp-json\/wp\/v2\/media\/213277"}],"wp:attachment":[{"href":"https:\/\/rnoticias.com.mx\/Portal\/wp-json\/wp\/v2\/media?parent=213276"}],"wp:term":[{"taxonomy":"category","embeddable":true,"href":"https:\/\/rnoticias.com.mx\/Portal\/wp-json\/wp\/v2\/categories?post=213276"},{"taxonomy":"post_tag","embeddable":true,"href":"https:\/\/rnoticias.com.mx\/Portal\/wp-json\/wp\/v2\/tags?post=213276"}],"curies":[{"name":"wp","href":"https:\/\/api.w.org\/{rel}","templated":true}]}}