{"id":213273,"date":"2025-03-30T04:04:06","date_gmt":"2025-03-30T04:04:06","guid":{"rendered":"https:\/\/rnoticias.com.mx\/Portal\/?p=213273"},"modified":"2025-03-30T04:04:06","modified_gmt":"2025-03-30T04:04:06","slug":"celebra-gobernador-durazo-exitosa-inauguracion-del-malecon-de-huatabampito-ante-10-mil-asistentes-y-saldo-blanco","status":"publish","type":"post","link":"https:\/\/rnoticias.com.mx\/Portal\/2025\/03\/30\/celebra-gobernador-durazo-exitosa-inauguracion-del-malecon-de-huatabampito-ante-10-mil-asistentes-y-saldo-blanco\/","title":{"rendered":"Celebra Gobernador Durazo exitosa inauguraci\u00f3n del Malec\u00f3n de Huatabampito ante 10 mil asistentes y saldo blanco"},"content":{"rendered":"<p>Hermosillo, Sonora; 29 de marzo de 2025.\u2013 En un evento sin precedentes, el gobernador Alfonso Durazo Monta\u00f1o inaugur\u00f3 con gran \u00e9xito el Malec\u00f3n de Huatabampito, con una asistencia de m\u00e1s de 10 mil personas y un saldo blanco, reafirmando el compromiso del Gobierno de Sonora con el desarrollo tur\u00edstico y recreativo de la regi\u00f3n.<\/p>\n<p>El mandatario estatal expres\u00f3 su satisfacci\u00f3n por la gran respuesta de la ciudadan\u00eda y destac\u00f3 la importancia de esta obra para el impulso econ\u00f3mico y tur\u00edstico del sur de Sonora. Adem\u00e1s, reconoci\u00f3 el trabajo de todas las corporaciones involucradas en la organizaci\u00f3n y seguridad del evento, asegurando que el Malec\u00f3n de Huatabampito ser\u00e1 un referente en el estado.<\/p>\n<p>M\u00e1s de 10 mil asistentes disfrutaron del evento inaugural, que se convirti\u00f3 en un gran festejo popular. La presentaci\u00f3n estelar del grupo La Brissa puso a bailar a los presentes, marcando con alegr\u00eda el inicio de una nueva etapa para la playa de Huatabampito.<\/p>\n<p>Gracias a un operativo de seguridad y prevenci\u00f3n eficiente, coordinado por diversas corporaciones estatales y municipales, el evento transcurri\u00f3 sin incidentes. Entre las unidades desplegadas destacaron: seis ambulancias, tres unidades extintoras, una unidad r\u00e1pida extintora, un cami\u00f3n cisterna, una unidad C2 de monitoreo y dos cl\u00ednicas m\u00f3viles.<\/p>\n<p>Diversas instituciones participaron en el operativo, entre ellas Ayudant\u00eda Sonora, la Comisi\u00f3n Estatal de Protecci\u00f3n Civil (CEPC), Cruz Roja, la Secretar\u00eda de Salud, la Polic\u00eda Estatal, la Polic\u00eda Municipal de Huatabampo, la Coordinaci\u00f3n Municipal de Protecci\u00f3n Civil de Huatabampo y Turismo Sonora.<\/p>\n","protected":false},"excerpt":{"rendered":"<p>Hermosillo, Sonora; 29 de marzo de 2025.\u2013 En un evento sin precedentes, el gobernador Alfonso Durazo Monta\u00f1o inaugur\u00f3 con gran \u00e9xito el Malec\u00f3n de Huatabampito, con una asistencia de m\u00e1s de 10 mil personas y un saldo blanco, reafirmando el compromiso del Gobierno de Sonora con el desarrollo tur\u00edstico y recreativo de la regi\u00f3n. El [&hellip;]<\/p>\n","protected":false},"author":2,"featured_media":213274,"comment_status":"closed","ping_status":"closed","sticky":false,"template":"","format":"standard","meta":{"footnotes":""},"categories":[12870,178],"tags":[12865,12869],"class_list":["post-213273","post","type-post","status-publish","format-standard","has-post-thumbnail","hentry","category-destacadas","category-local","tag-destacadas","tag-local"],"jetpack_featured_media_url":"https:\/\/rnoticias.com.mx\/Portal\/wp-content\/uploads\/2025\/03\/unnamed-1-48.jpg","amp_enabled":true,"_links":{"self":[{"href":"https:\/\/rnoticias.com.mx\/Portal\/wp-json\/wp\/v2\/posts\/213273","targetHints":{"allow":["GET"]}}],"collection":[{"href":"https:\/\/rnoticias.com.mx\/Portal\/wp-json\/wp\/v2\/posts"}],"about":[{"href":"https:\/\/rnoticias.com.mx\/Portal\/wp-json\/wp\/v2\/types\/post"}],"author":[{"embeddable":true,"href":"https:\/\/rnoticias.com.mx\/Portal\/wp-json\/wp\/v2\/users\/2"}],"replies":[{"embeddable":true,"href":"https:\/\/rnoticias.com.mx\/Portal\/wp-json\/wp\/v2\/comments?post=213273"}],"version-history":[{"count":1,"href":"https:\/\/rnoticias.com.mx\/Portal\/wp-json\/wp\/v2\/posts\/213273\/revisions"}],"predecessor-version":[{"id":213275,"href":"https:\/\/rnoticias.com.mx\/Portal\/wp-json\/wp\/v2\/posts\/213273\/revisions\/213275"}],"wp:featuredmedia":[{"embeddable":true,"href":"https:\/\/rnoticias.com.mx\/Portal\/wp-json\/wp\/v2\/media\/213274"}],"wp:attachment":[{"href":"https:\/\/rnoticias.com.mx\/Portal\/wp-json\/wp\/v2\/media?parent=213273"}],"wp:term":[{"taxonomy":"category","embeddable":true,"href":"https:\/\/rnoticias.com.mx\/Portal\/wp-json\/wp\/v2\/categories?post=213273"},{"taxonomy":"post_tag","embeddable":true,"href":"https:\/\/rnoticias.com.mx\/Portal\/wp-json\/wp\/v2\/tags?post=213273"}],"curies":[{"name":"wp","href":"https:\/\/api.w.org\/{rel}","templated":true}]}}