{"id":213258,"date":"2025-03-30T03:54:57","date_gmt":"2025-03-30T03:54:57","guid":{"rendered":"https:\/\/rnoticias.com.mx\/Portal\/?p=213258"},"modified":"2025-03-30T03:54:57","modified_gmt":"2025-03-30T03:54:57","slug":"gobierno-de-sonora-respalda-politica-de-presidenta-sheinbaum-sobre-salud-alimentaria-en-escuelas-sec","status":"publish","type":"post","link":"https:\/\/rnoticias.com.mx\/Portal\/2025\/03\/30\/gobierno-de-sonora-respalda-politica-de-presidenta-sheinbaum-sobre-salud-alimentaria-en-escuelas-sec\/","title":{"rendered":"Gobierno de Sonora respalda pol\u00edtica de Presidenta Sheinbaum sobre salud alimentaria en escuelas: SEC"},"content":{"rendered":"<table class=\"m_8707310151722946997text\" border=\"0\" width=\"100%\" cellspacing=\"0\" cellpadding=\"0\">\n<tbody>\n<tr>\n<td class=\"m_8707310151722946997text_content-cell m_8707310151722946997content-padding-horizontal\" align=\"left\" valign=\"top\">Hermosillo, Sonora; 28 de marzo de 2025.- Con un llamado a la comunidad educativa en general a sumarse a los esfuerzos del Gobierno de M\u00e9xico para promover estilos de vida saludable, la Secretar\u00eda de Educaci\u00f3n y Cultura (SEC) exhort\u00f3 a padres y madres de familia, as\u00ed como tutores, a elaborar opciones de refrigerio nutritivos, suficientes y de calidad.<\/p>\n<p>La dependencia educativa estatal indic\u00f3 que en las escuelas se fortalecer\u00e1n las ocho acciones prioritarias, presentadas por la Secretar\u00eda de Educaci\u00f3n P\u00fablica (SEP), para establecer y fomentar la salud alimentaria en beneficio de ni\u00f1as, ni\u00f1os, adolescentes y j\u00f3venes.<\/p>\n<p>Subray\u00f3 la importancia de dar cumplimiento a los \u201cLineamientos generales a los que deber\u00e1n sujetarse la preparaci\u00f3n, la distribuci\u00f3n y el expendio de los alimentos y bebidas preparados, procesados y a granel&#8221;, derivado de la Estrategia Nacional &#8220;Vive Saludable, Vive Feliz&#8221;.<\/p>\n<p>La SEC invit\u00f3 a jefes de sector, supervisores escolares, directivos, docentes y comunidad escolar en general a ingresar al portal\u00a0<a href=\"https:\/\/vidasaludable.gob.mx\/\" target=\"_blank\" rel=\"noopener\" data-saferedirecturl=\"https:\/\/www.google.com\/url?q=https:\/\/vidasaludable.gob.mx\/&amp;source=gmail&amp;ust=1743390895439000&amp;usg=AOvVaw2tFmFLAVNQKrD9Cl9hS_rz\">https:\/\/vidasaludable.gob.mx\/<\/a>\u00a0donde el Fondo de las Naciones Unidas para la Infancia (Unicef, por sus siglas en ingl\u00e9s), comparte recetas saludables y f\u00e1ciles de preparar para los refrigerios escolares.<\/p>\n<p>Puntualiz\u00f3 que los beneficios de desarrollar h\u00e1bitos para una vida saludable, como cuidar la alimentaci\u00f3n y hacer ejercicio, se reflejar\u00e1n en un menor \u00edndice de enfermedades como la obesidad.<\/td>\n<\/tr>\n<\/tbody>\n<\/table>\n<table class=\"m_8707310151722946997image m_8707310151722946997image--mobile-scale m_8707310151722946997image--mobile-center\" border=\"0\" width=\"100%\" cellspacing=\"0\" cellpadding=\"0\">\n<tbody>\n<tr>\n<td class=\"m_8707310151722946997image_container m_8707310151722946997content-padding-horizontal\" align=\"center\" valign=\"top\"><\/td>\n<\/tr>\n<\/tbody>\n<\/table>\n","protected":false},"excerpt":{"rendered":"<p>Hermosillo, Sonora; 28 de marzo de 2025.- Con un llamado a la comunidad educativa en general a sumarse a los esfuerzos del Gobierno de M\u00e9xico para promover estilos de vida saludable, la Secretar\u00eda de Educaci\u00f3n y Cultura (SEC) exhort\u00f3 a padres y madres de familia, as\u00ed como tutores, a elaborar opciones de refrigerio nutritivos, suficientes [&hellip;]<\/p>\n","protected":false},"author":2,"featured_media":213259,"comment_status":"closed","ping_status":"closed","sticky":false,"template":"","format":"standard","meta":{"footnotes":""},"categories":[12870,178],"tags":[12865,12869],"class_list":["post-213258","post","type-post","status-publish","format-standard","has-post-thumbnail","hentry","category-destacadas","category-local","tag-destacadas","tag-local"],"jetpack_featured_media_url":"https:\/\/rnoticias.com.mx\/Portal\/wp-content\/uploads\/2025\/03\/Sheinbaum-1.jpg","amp_enabled":true,"_links":{"self":[{"href":"https:\/\/rnoticias.com.mx\/Portal\/wp-json\/wp\/v2\/posts\/213258","targetHints":{"allow":["GET"]}}],"collection":[{"href":"https:\/\/rnoticias.com.mx\/Portal\/wp-json\/wp\/v2\/posts"}],"about":[{"href":"https:\/\/rnoticias.com.mx\/Portal\/wp-json\/wp\/v2\/types\/post"}],"author":[{"embeddable":true,"href":"https:\/\/rnoticias.com.mx\/Portal\/wp-json\/wp\/v2\/users\/2"}],"replies":[{"embeddable":true,"href":"https:\/\/rnoticias.com.mx\/Portal\/wp-json\/wp\/v2\/comments?post=213258"}],"version-history":[{"count":1,"href":"https:\/\/rnoticias.com.mx\/Portal\/wp-json\/wp\/v2\/posts\/213258\/revisions"}],"predecessor-version":[{"id":213260,"href":"https:\/\/rnoticias.com.mx\/Portal\/wp-json\/wp\/v2\/posts\/213258\/revisions\/213260"}],"wp:featuredmedia":[{"embeddable":true,"href":"https:\/\/rnoticias.com.mx\/Portal\/wp-json\/wp\/v2\/media\/213259"}],"wp:attachment":[{"href":"https:\/\/rnoticias.com.mx\/Portal\/wp-json\/wp\/v2\/media?parent=213258"}],"wp:term":[{"taxonomy":"category","embeddable":true,"href":"https:\/\/rnoticias.com.mx\/Portal\/wp-json\/wp\/v2\/categories?post=213258"},{"taxonomy":"post_tag","embeddable":true,"href":"https:\/\/rnoticias.com.mx\/Portal\/wp-json\/wp\/v2\/tags?post=213258"}],"curies":[{"name":"wp","href":"https:\/\/api.w.org\/{rel}","templated":true}]}}