{"id":213252,"date":"2025-03-30T03:47:53","date_gmt":"2025-03-30T03:47:53","guid":{"rendered":"https:\/\/rnoticias.com.mx\/Portal\/?p=213252"},"modified":"2025-03-30T03:47:53","modified_gmt":"2025-03-30T03:47:53","slug":"firma-de-convenio-entre-uth-incide-impulsando-la-educacion-5-0-y-la-formacion-profesional","status":"publish","type":"post","link":"https:\/\/rnoticias.com.mx\/Portal\/2025\/03\/30\/firma-de-convenio-entre-uth-incide-impulsando-la-educacion-5-0-y-la-formacion-profesional\/","title":{"rendered":"FIRMA DE CONVENIO ENTRE UTH &#8211; INCIDE Impulsando la educaci\u00f3n 5.0 y la formaci\u00f3n profesional"},"content":{"rendered":"<p>La Universidad Tecnol\u00f3gica de Hermosillo (UTH) y el Consejo Integrador de la Construcci\u00f3n, la Industria y el Desarrollo (Colegio) INCIDE, A.C. formalizaron un convenio de colaboraci\u00f3n en la Sala de Acuerdos de Rector\u00eda del Edificio A de la UTH.<\/p>\n<p>Durante la firma del convenio, se destac\u00f3 la importancia de fortalecer los lazos entre el \u00e1mbito acad\u00e9mico, el sector gremial y el sector industrial, promoviendo la formaci\u00f3n y el desarrollo de los estudiantes en un entorno profesional.<\/p>\n<p>El acuerdo establece la colaboraci\u00f3n en diversas \u00e1reas clave, entre ellas:<\/p>\n<ul>\n<li>La recepci\u00f3n de estudiantes para la realizaci\u00f3n de pr\u00e1cticas profesionales y servicio social.<\/li>\n<li>La implementaci\u00f3n de programas de educaci\u00f3n continua y capacitaci\u00f3n para la actualizaci\u00f3n de profesionales.<\/li>\n<li>La certificaci\u00f3n de competencias profesionales y laborales, garantizando la calidad en el desarrollo de habilidades profesionales.<\/li>\n<li>El impulso a proyectos conjuntos de investigaci\u00f3n y desarrollo cient\u00edfico-tecnol\u00f3gico.<\/li>\n<li>El seguimiento de egresados, asegurando su acompa\u00f1amiento en el proceso de inserci\u00f3n laboral.<\/li>\n<\/ul>\n<p>Adem\u00e1s, el convenio contempla la creaci\u00f3n de una bolsa de trabajo, facilitando oportunidades laborales para los egresados de la UTH dentro del sector industrial, con una vigencia de tres a\u00f1os a partir de su firma.<\/p>\n<p>En el marco de la educaci\u00f3n 5.0, la UTH ha desarrollado un Domo de Inmersi\u00f3n VR, una innovadora instalaci\u00f3n que permite a los estudiantes realizar pr\u00e1cticas profesionales \u201cf\u00edsicas\u201d sin salir del campus. Este espacio utiliza realidad mixta, combinando entornos reales y virtuales para simular escenarios de trabajo en diversas industrias.<\/p>\n<p>El domo cuenta con un entorno virtual inmersivo y un m\u00f3dulo de electromovilidad, permitiendo a los estudiantes entrenarse en \u00e1reas clave de la tecnolog\u00eda y la innovaci\u00f3n sin riesgos y con acceso a simulaciones de \u00faltima generaci\u00f3n. Gracias a esta iniciativa, la UTH se posiciona como una instituci\u00f3n pionera en la integraci\u00f3n de tecnolog\u00edas avanzadas en la formaci\u00f3n acad\u00e9mica y profesional.<\/p>\n<p>Signaron el convenio el <strong>Dr. Abel Leyva Castellanos<\/strong>, Rector y Representante Legal de la UTH, el <strong>Mtro. Jes\u00fas Guillermo Moreno R\u00edos<\/strong>, Presidente del Consejo INCIDE y como testigos la <strong>Dra. Marcela Guadalupe Zazueta Pillado<\/strong>, Secretaria de Vinculaci\u00f3n de la UTH y el <strong>Ing. \u00c1ngel Manr\u00edquez Ter\u00e1n<\/strong>, Presidente de Juventud INCIDE.<\/p>\n<p>El evento concluy\u00f3 con la expresi\u00f3n de compromiso por parte de ambas instituciones para seguir colaborando en beneficio de la comunidad estudiantil y el sector productivo, contando con la presencia adem\u00e1s de presidentes de organismos profesionales y empresariales pertenecientes al Consejo INCIDE y estudiantes de diversas carreras y universidades de Juventud INCIDE.<\/p>\n","protected":false},"excerpt":{"rendered":"<p>La Universidad Tecnol\u00f3gica de Hermosillo (UTH) y el Consejo Integrador de la Construcci\u00f3n, la Industria y el Desarrollo (Colegio) INCIDE, A.C. formalizaron un convenio de colaboraci\u00f3n en la Sala de Acuerdos de Rector\u00eda del Edificio A de la UTH. Durante la firma del convenio, se destac\u00f3 la importancia de fortalecer los lazos entre el \u00e1mbito [&hellip;]<\/p>\n","protected":false},"author":2,"featured_media":213253,"comment_status":"closed","ping_status":"closed","sticky":false,"template":"","format":"standard","meta":{"footnotes":""},"categories":[178],"tags":[12869],"class_list":["post-213252","post","type-post","status-publish","format-standard","has-post-thumbnail","hentry","category-local","tag-local"],"jetpack_featured_media_url":"https:\/\/rnoticias.com.mx\/Portal\/wp-content\/uploads\/2025\/03\/CONVENIO-INCIDE-4.jpeg","amp_enabled":true,"_links":{"self":[{"href":"https:\/\/rnoticias.com.mx\/Portal\/wp-json\/wp\/v2\/posts\/213252","targetHints":{"allow":["GET"]}}],"collection":[{"href":"https:\/\/rnoticias.com.mx\/Portal\/wp-json\/wp\/v2\/posts"}],"about":[{"href":"https:\/\/rnoticias.com.mx\/Portal\/wp-json\/wp\/v2\/types\/post"}],"author":[{"embeddable":true,"href":"https:\/\/rnoticias.com.mx\/Portal\/wp-json\/wp\/v2\/users\/2"}],"replies":[{"embeddable":true,"href":"https:\/\/rnoticias.com.mx\/Portal\/wp-json\/wp\/v2\/comments?post=213252"}],"version-history":[{"count":1,"href":"https:\/\/rnoticias.com.mx\/Portal\/wp-json\/wp\/v2\/posts\/213252\/revisions"}],"predecessor-version":[{"id":213254,"href":"https:\/\/rnoticias.com.mx\/Portal\/wp-json\/wp\/v2\/posts\/213252\/revisions\/213254"}],"wp:featuredmedia":[{"embeddable":true,"href":"https:\/\/rnoticias.com.mx\/Portal\/wp-json\/wp\/v2\/media\/213253"}],"wp:attachment":[{"href":"https:\/\/rnoticias.com.mx\/Portal\/wp-json\/wp\/v2\/media?parent=213252"}],"wp:term":[{"taxonomy":"category","embeddable":true,"href":"https:\/\/rnoticias.com.mx\/Portal\/wp-json\/wp\/v2\/categories?post=213252"},{"taxonomy":"post_tag","embeddable":true,"href":"https:\/\/rnoticias.com.mx\/Portal\/wp-json\/wp\/v2\/tags?post=213252"}],"curies":[{"name":"wp","href":"https:\/\/api.w.org\/{rel}","templated":true}]}}