{"id":213249,"date":"2025-03-30T03:46:15","date_gmt":"2025-03-30T03:46:15","guid":{"rendered":"https:\/\/rnoticias.com.mx\/Portal\/?p=213249"},"modified":"2025-03-30T03:46:15","modified_gmt":"2025-03-30T03:46:15","slug":"obtiene-campus-santa-ana-acreditacion-de-la-licenciatura-en-educacion-por-parte-de-ciees","status":"publish","type":"post","link":"https:\/\/rnoticias.com.mx\/Portal\/2025\/03\/30\/obtiene-campus-santa-ana-acreditacion-de-la-licenciatura-en-educacion-por-parte-de-ciees\/","title":{"rendered":"Obtiene campus Santa Ana acreditaci\u00f3n de la Licenciatura en Educaci\u00f3n por parte de CIEES"},"content":{"rendered":"<p>Luego de un exhaustivo an\u00e1lisis realizado por parte de los Comit\u00e9s Interinstitucionales para la Evaluaci\u00f3n de la Educaci\u00f3n Superior (CIEES), y con base en las opiniones de los expertos que integran la Comisi\u00f3n de Pares Acad\u00e9micos Externos (CPAE), se otorg\u00f3 la acreditaci\u00f3n por tres a\u00f1os al programa de Licenciatura en Educaci\u00f3n, del Departamento de Ciencias Administrativas y Agropecuarias, campus Santa Ana.<\/p>\n<p>Miguel \u00c1ngel Tamayo Taype, coordinador general de CIEES, mediante un comunicado dirigido a la rectora Mar\u00eda Rita Plancarte Mart\u00ednez, dio a conocer el resultado de las evaluaciones, producto de las visitas realizadas en diciembre de 2024 al campus.<\/p>\n<p>Con esta acreditaci\u00f3n, se suma al padr\u00f3n de programas de educaci\u00f3n superior reconocidos por su buena calidad de los CIEES; adem\u00e1s, se hizo entrega de un informe de evaluaci\u00f3n correspondiente, conformado con base en los datos proporcionados por el campus, y la informaci\u00f3n obtenida por parte de la CPAE y las observaciones emitidas por el comit\u00e9.<\/p>\n<p>&nbsp;<\/p>\n<p><strong>Reconocen logros<\/strong><\/p>\n<p>La Licenciatura en Educaci\u00f3n, en el campus Santa Ana, inici\u00f3 en el 2018, y tiene por objetivo formar profesionales capaces de diagnosticar, investigar, dise\u00f1ar, intervenir y evaluar procesos formativos individuales y colectivos en diversos contextos, bajo los principios de promoci\u00f3n del desarrollo humano como estrategia de transformaci\u00f3n dirigida al progreso social de las comunidades.<\/p>\n<p>F\u00e9lix Ayala \u00c1lvarez, jefe del Departamento de Ciencias Administrativas y Agropecuarias, agradeci\u00f3 a las autoridades de la Universidad de Sonora, docentes y alumnos, por el constante apoyo que brindaron para el logro de este objetivo; adem\u00e1s, reconoci\u00f3 el valor que tiene la acreditaci\u00f3n de CIEES, as\u00ed como sus observaciones y recomendaciones que ayudar\u00e1n para una mejora continua del programa de la Licenciatura en Educaci\u00f3n.<\/p>\n<p>De esta manera, el campus Santa Ana se mantiene a la vanguardia en la calidad y pertinencia educativa de sus programas, para hacer frente al compromiso con las nuevas generaciones y la sociedad en general, contando con excelencia acad\u00e9mica y brindando confianza a los estudiantes y empleadores de los egresados de la Universidad de Sonora.<\/p>\n<p>&nbsp;<\/p>\n","protected":false},"excerpt":{"rendered":"<p>Luego de un exhaustivo an\u00e1lisis realizado por parte de los Comit\u00e9s Interinstitucionales para la Evaluaci\u00f3n de la Educaci\u00f3n Superior (CIEES), y con base en las opiniones de los expertos que integran la Comisi\u00f3n de Pares Acad\u00e9micos Externos (CPAE), se otorg\u00f3 la acreditaci\u00f3n por tres a\u00f1os al programa de Licenciatura en Educaci\u00f3n, del Departamento de Ciencias [&hellip;]<\/p>\n","protected":false},"author":2,"featured_media":213250,"comment_status":"closed","ping_status":"closed","sticky":false,"template":"","format":"standard","meta":{"footnotes":""},"categories":[12870,174],"tags":[12865,12873],"class_list":["post-213249","post","type-post","status-publish","format-standard","has-post-thumbnail","hentry","category-destacadas","category-estatal","tag-destacadas","tag-estatal"],"jetpack_featured_media_url":"https:\/\/rnoticias.com.mx\/Portal\/wp-content\/uploads\/2025\/03\/ACREDITACION-CAMPUS-SANTA-ANA.jpg","amp_enabled":true,"_links":{"self":[{"href":"https:\/\/rnoticias.com.mx\/Portal\/wp-json\/wp\/v2\/posts\/213249","targetHints":{"allow":["GET"]}}],"collection":[{"href":"https:\/\/rnoticias.com.mx\/Portal\/wp-json\/wp\/v2\/posts"}],"about":[{"href":"https:\/\/rnoticias.com.mx\/Portal\/wp-json\/wp\/v2\/types\/post"}],"author":[{"embeddable":true,"href":"https:\/\/rnoticias.com.mx\/Portal\/wp-json\/wp\/v2\/users\/2"}],"replies":[{"embeddable":true,"href":"https:\/\/rnoticias.com.mx\/Portal\/wp-json\/wp\/v2\/comments?post=213249"}],"version-history":[{"count":1,"href":"https:\/\/rnoticias.com.mx\/Portal\/wp-json\/wp\/v2\/posts\/213249\/revisions"}],"predecessor-version":[{"id":213251,"href":"https:\/\/rnoticias.com.mx\/Portal\/wp-json\/wp\/v2\/posts\/213249\/revisions\/213251"}],"wp:featuredmedia":[{"embeddable":true,"href":"https:\/\/rnoticias.com.mx\/Portal\/wp-json\/wp\/v2\/media\/213250"}],"wp:attachment":[{"href":"https:\/\/rnoticias.com.mx\/Portal\/wp-json\/wp\/v2\/media?parent=213249"}],"wp:term":[{"taxonomy":"category","embeddable":true,"href":"https:\/\/rnoticias.com.mx\/Portal\/wp-json\/wp\/v2\/categories?post=213249"},{"taxonomy":"post_tag","embeddable":true,"href":"https:\/\/rnoticias.com.mx\/Portal\/wp-json\/wp\/v2\/tags?post=213249"}],"curies":[{"name":"wp","href":"https:\/\/api.w.org\/{rel}","templated":true}]}}