{"id":213246,"date":"2025-03-30T03:44:13","date_gmt":"2025-03-30T03:44:13","guid":{"rendered":"https:\/\/rnoticias.com.mx\/Portal\/?p=213246"},"modified":"2025-03-30T03:44:13","modified_gmt":"2025-03-30T03:44:13","slug":"ine-invita-a-las-personas-candidatas-de-la-eleccion-del-poder-judicial-de-la-federacion-a-registrar-su-informacion-en-el-sistema-conoceles","status":"publish","type":"post","link":"https:\/\/rnoticias.com.mx\/Portal\/2025\/03\/30\/ine-invita-a-las-personas-candidatas-de-la-eleccion-del-poder-judicial-de-la-federacion-a-registrar-su-informacion-en-el-sistema-conoceles\/","title":{"rendered":"INE invita a las personas candidatas de la elecci\u00f3n del Poder Judicial de la Federaci\u00f3n a registrar su informaci\u00f3n en el sistema Con\u00f3celes"},"content":{"rendered":"<p class=\"x_MsoNormal\"><span data-olk-copy-source=\"MessageBody\">El Instituto Nacional Electoral (INE) invita a las personas candidatas de la elecci\u00f3n del Poder Judicial de la Federaci\u00f3n a utilizar la herramienta Con\u00f3celes, en la cual deben registrar su informaci\u00f3n de contacto, acad\u00e9mica, curricular y propuestas para la ciudadan\u00eda.\u00a0<\/span><\/p>\n<p class=\"x_MsoNormal\">\n<p class=\"x_MsoNormal\">Con\u00f3celes se encuentra funcionando en el enlace\u00a0<a title=\"https:\/\/appcandidaturas-poderjudicial.ine.mx\/cycc\/app\/login\" href=\"https:\/\/appcandidaturas-poderjudicial.ine.mx\/cycc\/app\/login\" target=\"_blank\" rel=\"noopener noreferrer\" data-auth=\"NotApplicable\" data-linkindex=\"0\">https:\/\/appcandidaturas-poderjudicial.ine.mx\/cycc\/app\/login<\/a>\u00a0para que las candidaturas puedan proporcionar sus datos que se pondr\u00e1n a disposici\u00f3n de la ciudadan\u00eda el pr\u00f3ximo 30 de marzo.<b>\u00a0<\/b>Por ello, es importante que antes de esa fecha registren su informaci\u00f3n curricular.<\/p>\n<p class=\"x_MsoNormal\">\n<p class=\"x_MsoNormal\">A trav\u00e9s de Con\u00f3celes, las personas candidatas comunicar\u00e1n de manera oportuna, veraz y eficiente su perfil curricular. El objetivo del sistema es que la ciudadan\u00eda pueda conocer a cada una de las personas que contender\u00e1n en este proceso y tener informaci\u00f3n para emitir un voto informado el pr\u00f3ximo 1 de junio.<\/p>\n<p class=\"x_MsoNormal\">\n<p class=\"x_MsoNormal\">Las candidaturas tienen la oportunidad de utilizar Con\u00f3celes,<b>\u00a0<\/b>el cual el Instituto Nacional Electoral pone a su disposici\u00f3n para difundir su informaci\u00f3n.<\/p>\n<p class=\"x_MsoNormal\">\n<p class=\"x_MsoNormal\">Para ello, el INE envi\u00f3 a los correos de las candidaturas un usuario y contrase\u00f1a para ingresar y realizar su captura y, as\u00ed, puedan cumplir con sus obligaciones como personas candidatas.<\/p>\n<p class=\"x_MsoNormal\">\n<p class=\"x_MsoNormal\">En caso de que tengan dudas sobre la captura de su informaci\u00f3n en Con\u00f3celes, pueden comunicarse con el Instituto al correo\u00a0<a title=\"mailto:conoce.candidatos@ine.mx\" href=\"mailto:conoce.candidatos@ine.mx\" data-linkindex=\"1\">conoce.candidatos@ine.mx<\/a>.<\/p>\n<p class=\"x_MsoNormal\">\n","protected":false},"excerpt":{"rendered":"<p>El Instituto Nacional Electoral (INE) invita a las personas candidatas de la elecci\u00f3n del Poder Judicial de la Federaci\u00f3n a utilizar la herramienta Con\u00f3celes, en la cual deben registrar su informaci\u00f3n de contacto, acad\u00e9mica, curricular y propuestas para la ciudadan\u00eda.\u00a0 Con\u00f3celes se encuentra funcionando en el enlace\u00a0https:\/\/appcandidaturas-poderjudicial.ine.mx\/cycc\/app\/login\u00a0para que las candidaturas puedan proporcionar sus datos que [&hellip;]<\/p>\n","protected":false},"author":2,"featured_media":213247,"comment_status":"closed","ping_status":"closed","sticky":false,"template":"","format":"standard","meta":{"footnotes":""},"categories":[12870,172],"tags":[12865,12874],"class_list":["post-213246","post","type-post","status-publish","format-standard","has-post-thumbnail","hentry","category-destacadas","category-nacional","tag-destacadas","tag-nacional"],"jetpack_featured_media_url":"https:\/\/rnoticias.com.mx\/Portal\/wp-content\/uploads\/2025\/03\/WhatsApp-Image-2025-03-29-at-10.07.23-AM.jpeg","amp_enabled":true,"_links":{"self":[{"href":"https:\/\/rnoticias.com.mx\/Portal\/wp-json\/wp\/v2\/posts\/213246","targetHints":{"allow":["GET"]}}],"collection":[{"href":"https:\/\/rnoticias.com.mx\/Portal\/wp-json\/wp\/v2\/posts"}],"about":[{"href":"https:\/\/rnoticias.com.mx\/Portal\/wp-json\/wp\/v2\/types\/post"}],"author":[{"embeddable":true,"href":"https:\/\/rnoticias.com.mx\/Portal\/wp-json\/wp\/v2\/users\/2"}],"replies":[{"embeddable":true,"href":"https:\/\/rnoticias.com.mx\/Portal\/wp-json\/wp\/v2\/comments?post=213246"}],"version-history":[{"count":1,"href":"https:\/\/rnoticias.com.mx\/Portal\/wp-json\/wp\/v2\/posts\/213246\/revisions"}],"predecessor-version":[{"id":213248,"href":"https:\/\/rnoticias.com.mx\/Portal\/wp-json\/wp\/v2\/posts\/213246\/revisions\/213248"}],"wp:featuredmedia":[{"embeddable":true,"href":"https:\/\/rnoticias.com.mx\/Portal\/wp-json\/wp\/v2\/media\/213247"}],"wp:attachment":[{"href":"https:\/\/rnoticias.com.mx\/Portal\/wp-json\/wp\/v2\/media?parent=213246"}],"wp:term":[{"taxonomy":"category","embeddable":true,"href":"https:\/\/rnoticias.com.mx\/Portal\/wp-json\/wp\/v2\/categories?post=213246"},{"taxonomy":"post_tag","embeddable":true,"href":"https:\/\/rnoticias.com.mx\/Portal\/wp-json\/wp\/v2\/tags?post=213246"}],"curies":[{"name":"wp","href":"https:\/\/api.w.org\/{rel}","templated":true}]}}