{"id":213243,"date":"2025-03-30T03:43:15","date_gmt":"2025-03-30T03:43:15","guid":{"rendered":"https:\/\/rnoticias.com.mx\/Portal\/?p=213243"},"modified":"2025-03-30T03:43:15","modified_gmt":"2025-03-30T03:43:15","slug":"ine-pondra-a-disposicion-de-la-ciudadania-sistema-conoceles-para-la-eleccion-del-poder-judicial-de-la-federacion","status":"publish","type":"post","link":"https:\/\/rnoticias.com.mx\/Portal\/2025\/03\/30\/ine-pondra-a-disposicion-de-la-ciudadania-sistema-conoceles-para-la-eleccion-del-poder-judicial-de-la-federacion\/","title":{"rendered":"INE pondr\u00e1 a disposici\u00f3n de la ciudadan\u00eda sistema Con\u00f3celes para la elecci\u00f3n del Poder Judicial de la Federaci\u00f3n"},"content":{"rendered":"<p class=\"x_MsoNormal\"><span data-olk-copy-source=\"MessageBody\">A partir del 30 de marzo, el Instituto Nacional Electoral (INE) pondr\u00e1 a disposici\u00f3n de la ciudadan\u00eda el sistema\u00a0<i>Con\u00f3celes,<\/i>\u00a0en el que podr\u00e1 consultar la informaci\u00f3n curricular y propuestas de las personas candidatas a un cargo del Poder Judicial de la Federaci\u00f3n.<\/span><\/p>\n<p class=\"x_MsoNormal\">\n<p class=\"x_MsoNormal\">El objetivo del sistema es facilitar la consulta de informaci\u00f3n sobre la identidad, perfil, trayectoria acad\u00e9mica y profesional, as\u00ed como las propuestas de las candidaturas que contender\u00e1n en el Proceso Electoral Extraordinario para la elecci\u00f3n de diversos cargos del Poder Judicial de la Federaci\u00f3n (PEEPJF) 2024-2025.<\/p>\n<p class=\"x_MsoNormal\">\n<p class=\"x_MsoNormal\">De esta forma, el INE busca proporcionar elementos a las y los ciudadanos para que puedan emitir un voto informado en la Jornada Electoral que se celebrar\u00e1 el pr\u00f3ximo 1 de junio.<\/p>\n<p class=\"x_MsoNormal\">\n<p class=\"x_MsoNormal\">Los datos que se encontrar\u00e1n en el sistema\u00a0<i>Con\u00f3celes,<\/i>\u00a0proporcionados por las personas candidatas, ser\u00e1n p\u00fablicos y tendr\u00e1n fines informativos, as\u00ed como estad\u00edsticos.<\/p>\n<p class=\"x_MsoNormal\">\n<p class=\"x_MsoNormal\">De este modo, la informaci\u00f3n capturada en el micrositio por las candidaturas deber\u00e1 describir su trayectoria profesional, acad\u00e9mica, perfil, propuestas y visi\u00f3n para mejorar la funci\u00f3n jurisdiccional en el Poder Judicial de la Federaci\u00f3n.<\/p>\n<p class=\"x_MsoNormal\">\n<p class=\"x_MsoNormal\">Este micrositio forma parte de los mecanismos que el Instituto genera para promover el voto y, a la vez, funciona como herramienta para que las candidaturas se den a conocer ante la ciudadan\u00eda, siempre y cuando no incluyan llamados al voto o menciones a favor o en contra de contendientes.<\/p>\n<p class=\"x_MsoNormal\">\n<p class=\"x_MsoNormal\">Las personas que deseen consultar la informaci\u00f3n de las candidaturas en el sistema\u00a0<i>Con\u00f3celes<\/i>\u00a0podr\u00e1n hacerlo a trav\u00e9s del siguiente enlace:\u00a0<a title=\"https:\/\/candidaturaspoderjudicial.ine.mx\/\" href=\"https:\/\/candidaturaspoderjudicial.ine.mx\/\" target=\"_blank\" rel=\"noopener noreferrer\" data-auth=\"NotApplicable\" data-linkindex=\"0\">https:\/\/candidaturaspoderjudicial.ine.mx\/<\/a>\u00a0 o en la p\u00e1gina de internet del Instituto, en\u00a0<a title=\"http:\/\/www.ine.mx\" href=\"http:\/\/www.ine.mx\/\" target=\"_blank\" rel=\"noopener noreferrer\" data-auth=\"NotApplicable\" data-linkindex=\"1\">www.ine.mx<\/a><\/p>\n","protected":false},"excerpt":{"rendered":"<p>A partir del 30 de marzo, el Instituto Nacional Electoral (INE) pondr\u00e1 a disposici\u00f3n de la ciudadan\u00eda el sistema\u00a0Con\u00f3celes,\u00a0en el que podr\u00e1 consultar la informaci\u00f3n curricular y propuestas de las personas candidatas a un cargo del Poder Judicial de la Federaci\u00f3n. El objetivo del sistema es facilitar la consulta de informaci\u00f3n sobre la identidad, perfil, [&hellip;]<\/p>\n","protected":false},"author":2,"featured_media":213244,"comment_status":"closed","ping_status":"closed","sticky":false,"template":"","format":"standard","meta":{"footnotes":""},"categories":[12870,172],"tags":[12865,12874],"class_list":["post-213243","post","type-post","status-publish","format-standard","has-post-thumbnail","hentry","category-destacadas","category-nacional","tag-destacadas","tag-nacional"],"jetpack_featured_media_url":"https:\/\/rnoticias.com.mx\/Portal\/wp-content\/uploads\/2025\/03\/INE-3.jpg","amp_enabled":true,"_links":{"self":[{"href":"https:\/\/rnoticias.com.mx\/Portal\/wp-json\/wp\/v2\/posts\/213243","targetHints":{"allow":["GET"]}}],"collection":[{"href":"https:\/\/rnoticias.com.mx\/Portal\/wp-json\/wp\/v2\/posts"}],"about":[{"href":"https:\/\/rnoticias.com.mx\/Portal\/wp-json\/wp\/v2\/types\/post"}],"author":[{"embeddable":true,"href":"https:\/\/rnoticias.com.mx\/Portal\/wp-json\/wp\/v2\/users\/2"}],"replies":[{"embeddable":true,"href":"https:\/\/rnoticias.com.mx\/Portal\/wp-json\/wp\/v2\/comments?post=213243"}],"version-history":[{"count":1,"href":"https:\/\/rnoticias.com.mx\/Portal\/wp-json\/wp\/v2\/posts\/213243\/revisions"}],"predecessor-version":[{"id":213245,"href":"https:\/\/rnoticias.com.mx\/Portal\/wp-json\/wp\/v2\/posts\/213243\/revisions\/213245"}],"wp:featuredmedia":[{"embeddable":true,"href":"https:\/\/rnoticias.com.mx\/Portal\/wp-json\/wp\/v2\/media\/213244"}],"wp:attachment":[{"href":"https:\/\/rnoticias.com.mx\/Portal\/wp-json\/wp\/v2\/media?parent=213243"}],"wp:term":[{"taxonomy":"category","embeddable":true,"href":"https:\/\/rnoticias.com.mx\/Portal\/wp-json\/wp\/v2\/categories?post=213243"},{"taxonomy":"post_tag","embeddable":true,"href":"https:\/\/rnoticias.com.mx\/Portal\/wp-json\/wp\/v2\/tags?post=213243"}],"curies":[{"name":"wp","href":"https:\/\/api.w.org\/{rel}","templated":true}]}}