{"id":213234,"date":"2025-03-30T03:32:29","date_gmt":"2025-03-30T03:32:29","guid":{"rendered":"https:\/\/rnoticias.com.mx\/Portal\/?p=213234"},"modified":"2025-03-30T03:32:29","modified_gmt":"2025-03-30T03:32:29","slug":"foro-del-iee-sonora-destaca-el-papel-de-las-mujeres-en-la-democracia","status":"publish","type":"post","link":"https:\/\/rnoticias.com.mx\/Portal\/2025\/03\/30\/foro-del-iee-sonora-destaca-el-papel-de-las-mujeres-en-la-democracia\/","title":{"rendered":"Foro del IEE Sonora destaca el papel de las mujeres en la democracia"},"content":{"rendered":"<p dir=\"ltr\">El Instituto Estatal Electoral y de Participaci\u00f3n Ciudadana (IEE Sonora) reafirm\u00f3 su compromiso con la equidad de g\u00e9nero y la inclusi\u00f3n pol\u00edtica en el segundo d\u00eda de actividades del foro \u201cIntercambio de ideas: de cara a las Elecciones Judiciales 2025\u201d, un espacio de reflexi\u00f3n sobre los avances y desaf\u00edos que enfrentan las mujeres en la pol\u00edtica, organizado por el Instituto Estatal Electoral y de Participaci\u00f3n Ciudadana (IEE Sonora).<\/p>\n<p dir=\"ltr\">Al encabezar la clausura del evento, el consejero presidente, Nery Ruiz Arvizu, destac\u00f3 la relevancia de este tipo de encuentros para fortalecer la democracia y garantizar la participaci\u00f3n de las mujeres en la toma de decisiones.<\/p>\n<p dir=\"ltr\">Enfatiz\u00f3 que el acceso de las mujeres a cargos de elecci\u00f3n y a espacios de liderazgo no solo es un tema de justicia social, sino una necesidad para el desarrollo democr\u00e1tico del pa\u00eds. En este sentido, se\u00f1al\u00f3 que el IEE Sonora continuar\u00e1 impulsando acciones que permitan reducir la brecha de g\u00e9nero en el \u00e1mbito electoral y pol\u00edtico, promoviendo condiciones que faciliten la inclusi\u00f3n en estos espacios.<\/p>\n<p dir=\"ltr\">Como parte del foro, la ex titular del Pleno de la Junta Central Electoral de la Rep\u00fablica Dominicana, Patricia Lorenzo Paniagua, imparti\u00f3 la conferencia magistral\u00a0La participaci\u00f3n pol\u00edtica de las mujeres en Am\u00e9rica Latina, donde analiz\u00f3 el panorama regional en t\u00e9rminos de equidad pol\u00edtica. Destac\u00f3 que, si bien los avances en la representaci\u00f3n femenina han sido notables, a\u00fan existe un largo camino por recorrer para alcanzar una verdadera paridad en la toma de decisiones.<\/p>\n<p dir=\"ltr\">Reconoci\u00f3 el liderazgo de M\u00e9xico en cuanto a participaci\u00f3n pol\u00edtica de las mujeres, pero advirti\u00f3 que los esfuerzos deben enfocarse en garantizar no solo una mayor presencia femenina en la pol\u00edtica, sino tambi\u00e9n el desarrollo de liderazgos s\u00f3lidos y comprometidos con la agenda de equidad de g\u00e9nero, por lo que es importante generar mecanismos que permitan fortalecer su papel en la vida p\u00fablica, m\u00e1s all\u00e1 de los n\u00fameros, asegurando que su influencia se traduzca en cambios sustantivos en la sociedad.<\/p>\n<p dir=\"ltr\">El programa de este foro sirvi\u00f3 de marco para la presentaci\u00f3n de la XIII edici\u00f3n de la revista\u00a0Ciudadan\u00eda Sonora, una publicaci\u00f3n especial dedicada a visibilizar a mujeres que han marcado una diferencia en diversos \u00e1mbitos. La consejera electoral Alma Lorena Alonso Valdivia dijo que este n\u00famero tiene puesta la mirada en las diversas realidades y contribuciones de las mujeres sonorenses e invita a reflexionar sobre los desaf\u00edos que se enfrentan.<\/p>\n<p dir=\"ltr\">\u201cDesde nuestra labor en el Instituto Estatal Electoral y de Participaci\u00f3n Ciudadana de Sonora, trabajamos incansablemente para garantizar\u00a0 \u00a0 que las mujeres puedan ejercer su derecho al voto y a ser votadas en igualdad de condiciones. La inclusi\u00f3n y la equidad deben ser principios que gu\u00eden nuestra acci\u00f3n pol\u00edtica, y la revista es un espacio invaluable para promover este mensaje\u201d, se\u00f1al\u00f3.<\/p>\n<p dir=\"ltr\">La publicaci\u00f3n incluye destacadas figuras del ambiente art\u00edstico, social, cultural, pol\u00edtico, deportivo, representaci\u00f3n de mujeres j\u00f3venes, activistas, de etnias, educativo, entre otros.<\/p>\n<p dir=\"ltr\">Con este foro, el IEE Sonora reafirma su compromiso con la construcci\u00f3n de espacios que fomenten la igualdad de g\u00e9nero y el fortalecimiento de la democracia, promoviendo la presencia activa de las mujeres en la pol\u00edtica y la toma de decisiones.<\/p>\n<p dir=\"ltr\">En el evento estuvieron las consejeras electorales Linda Viridiana Calder\u00f3n Monta\u00f1o, Flor Terecita Barcel\u00f3 Noriega, los consejeros Benjam\u00edn Hern\u00e1ndez Avalos, Jaime Olea Miranda, y Wilfredo Rom\u00e1n Morales Silva, tambi\u00e9n el secretario ejecutivo, Fernando Chapetti Siordia, as\u00ed como consejeras y consejeros electorales de 24 entidades del pa\u00eds.<\/p>\n","protected":false},"excerpt":{"rendered":"<p>El Instituto Estatal Electoral y de Participaci\u00f3n Ciudadana (IEE Sonora) reafirm\u00f3 su compromiso con la equidad de g\u00e9nero y la inclusi\u00f3n pol\u00edtica en el segundo d\u00eda de actividades del foro \u201cIntercambio de ideas: de cara a las Elecciones Judiciales 2025\u201d, un espacio de reflexi\u00f3n sobre los avances y desaf\u00edos que enfrentan las mujeres en la [&hellip;]<\/p>\n","protected":false},"author":2,"featured_media":213235,"comment_status":"closed","ping_status":"closed","sticky":false,"template":"","format":"standard","meta":{"footnotes":""},"categories":[12870,178],"tags":[12865,12869],"class_list":["post-213234","post","type-post","status-publish","format-standard","has-post-thumbnail","hentry","category-destacadas","category-local","tag-destacadas","tag-local"],"jetpack_featured_media_url":"https:\/\/rnoticias.com.mx\/Portal\/wp-content\/uploads\/2025\/03\/Conferencia-magistral_.jpg","amp_enabled":true,"_links":{"self":[{"href":"https:\/\/rnoticias.com.mx\/Portal\/wp-json\/wp\/v2\/posts\/213234","targetHints":{"allow":["GET"]}}],"collection":[{"href":"https:\/\/rnoticias.com.mx\/Portal\/wp-json\/wp\/v2\/posts"}],"about":[{"href":"https:\/\/rnoticias.com.mx\/Portal\/wp-json\/wp\/v2\/types\/post"}],"author":[{"embeddable":true,"href":"https:\/\/rnoticias.com.mx\/Portal\/wp-json\/wp\/v2\/users\/2"}],"replies":[{"embeddable":true,"href":"https:\/\/rnoticias.com.mx\/Portal\/wp-json\/wp\/v2\/comments?post=213234"}],"version-history":[{"count":1,"href":"https:\/\/rnoticias.com.mx\/Portal\/wp-json\/wp\/v2\/posts\/213234\/revisions"}],"predecessor-version":[{"id":213236,"href":"https:\/\/rnoticias.com.mx\/Portal\/wp-json\/wp\/v2\/posts\/213234\/revisions\/213236"}],"wp:featuredmedia":[{"embeddable":true,"href":"https:\/\/rnoticias.com.mx\/Portal\/wp-json\/wp\/v2\/media\/213235"}],"wp:attachment":[{"href":"https:\/\/rnoticias.com.mx\/Portal\/wp-json\/wp\/v2\/media?parent=213234"}],"wp:term":[{"taxonomy":"category","embeddable":true,"href":"https:\/\/rnoticias.com.mx\/Portal\/wp-json\/wp\/v2\/categories?post=213234"},{"taxonomy":"post_tag","embeddable":true,"href":"https:\/\/rnoticias.com.mx\/Portal\/wp-json\/wp\/v2\/tags?post=213234"}],"curies":[{"name":"wp","href":"https:\/\/api.w.org\/{rel}","templated":true}]}}