{"id":213231,"date":"2025-03-30T03:31:27","date_gmt":"2025-03-30T03:31:27","guid":{"rendered":"https:\/\/rnoticias.com.mx\/Portal\/?p=213231"},"modified":"2025-03-30T03:31:27","modified_gmt":"2025-03-30T03:31:27","slug":"capacita-gobierno-de-sonora-a-operadores-del-transporte-en-temas-de-inclusion","status":"publish","type":"post","link":"https:\/\/rnoticias.com.mx\/Portal\/2025\/03\/30\/capacita-gobierno-de-sonora-a-operadores-del-transporte-en-temas-de-inclusion\/","title":{"rendered":"Capacita Gobierno de Sonora a operadores del transporte en temas de inclusi\u00f3n"},"content":{"rendered":"<p>Hermosillo, Sonora; 29 de marzo de 2025. &#8211; Todo est\u00e1 listo para llevar a cabo el nuevo curso de \u201cSensibilizaci\u00f3n e inclusi\u00f3n para operadores de transporte p\u00fablico de pasaje\u201d, inform\u00f3 Carlos Sosa Casta\u00f1eda, coordinador ejecutivo del Instituto de Movilidad y Transporte para el Estado de Sonora (Imtes).<\/p>\n<p>Sosa Casta\u00f1eda expres\u00f3 que este curso se realizar\u00e1 en coordinaci\u00f3n con DIF Sonora y no tiene costo para las y los operadores. Adem\u00e1s, los participantes podr\u00e1n hacerlo v\u00e1lido al momento de tramitar la licencia de operador de transporte.<\/p>\n<p>El curso de \u201cSensibilizaci\u00f3n e inclusi\u00f3n para operadores de transporte p\u00fablico\u201d se llevar\u00e1 a cabo los pr\u00f3ximos 2, 7 y 30 de abril, as\u00ed como el 7 de mayo, de 9:00 a 11:00 de la ma\u00f1ana, en la Sala de Capacitaci\u00f3n de la Direcci\u00f3n Regional del\u00a0Imtes\u00a0Hermosillo, ubicada en Bulevar Las Torres No. 121, Col. Lomas de Linda Vista.<\/p>\n<p>El sistema de transporte de pasaje abarca diversas modalidades: especializado de personal, turismo, trabajadores agr\u00edcolas, transporte escolar, de alquiler, urbano, suburbano y for\u00e1neo.<\/p>\n<p>Esta capacitaci\u00f3n forma parte del programa anual dise\u00f1ado para fomentar e impulsar la profesionalizaci\u00f3n de las y los operadores de transporte p\u00fablico, adem\u00e1s de generar un servicio con mejor trato y atenci\u00f3n a las personas usuarias.<\/p>\n","protected":false},"excerpt":{"rendered":"<p>Hermosillo, Sonora; 29 de marzo de 2025. &#8211; Todo est\u00e1 listo para llevar a cabo el nuevo curso de \u201cSensibilizaci\u00f3n e inclusi\u00f3n para operadores de transporte p\u00fablico de pasaje\u201d, inform\u00f3 Carlos Sosa Casta\u00f1eda, coordinador ejecutivo del Instituto de Movilidad y Transporte para el Estado de Sonora (Imtes). Sosa Casta\u00f1eda expres\u00f3 que este curso se realizar\u00e1 [&hellip;]<\/p>\n","protected":false},"author":2,"featured_media":213232,"comment_status":"closed","ping_status":"closed","sticky":false,"template":"","format":"standard","meta":{"footnotes":""},"categories":[12870,178],"tags":[12865,12869],"class_list":["post-213231","post","type-post","status-publish","format-standard","has-post-thumbnail","hentry","category-destacadas","category-local","tag-destacadas","tag-local"],"jetpack_featured_media_url":"https:\/\/rnoticias.com.mx\/Portal\/wp-content\/uploads\/2025\/03\/unnamed-1-46.jpg","amp_enabled":true,"_links":{"self":[{"href":"https:\/\/rnoticias.com.mx\/Portal\/wp-json\/wp\/v2\/posts\/213231","targetHints":{"allow":["GET"]}}],"collection":[{"href":"https:\/\/rnoticias.com.mx\/Portal\/wp-json\/wp\/v2\/posts"}],"about":[{"href":"https:\/\/rnoticias.com.mx\/Portal\/wp-json\/wp\/v2\/types\/post"}],"author":[{"embeddable":true,"href":"https:\/\/rnoticias.com.mx\/Portal\/wp-json\/wp\/v2\/users\/2"}],"replies":[{"embeddable":true,"href":"https:\/\/rnoticias.com.mx\/Portal\/wp-json\/wp\/v2\/comments?post=213231"}],"version-history":[{"count":1,"href":"https:\/\/rnoticias.com.mx\/Portal\/wp-json\/wp\/v2\/posts\/213231\/revisions"}],"predecessor-version":[{"id":213233,"href":"https:\/\/rnoticias.com.mx\/Portal\/wp-json\/wp\/v2\/posts\/213231\/revisions\/213233"}],"wp:featuredmedia":[{"embeddable":true,"href":"https:\/\/rnoticias.com.mx\/Portal\/wp-json\/wp\/v2\/media\/213232"}],"wp:attachment":[{"href":"https:\/\/rnoticias.com.mx\/Portal\/wp-json\/wp\/v2\/media?parent=213231"}],"wp:term":[{"taxonomy":"category","embeddable":true,"href":"https:\/\/rnoticias.com.mx\/Portal\/wp-json\/wp\/v2\/categories?post=213231"},{"taxonomy":"post_tag","embeddable":true,"href":"https:\/\/rnoticias.com.mx\/Portal\/wp-json\/wp\/v2\/tags?post=213231"}],"curies":[{"name":"wp","href":"https:\/\/api.w.org\/{rel}","templated":true}]}}