{"id":213228,"date":"2025-03-30T03:30:34","date_gmt":"2025-03-30T03:30:34","guid":{"rendered":"https:\/\/rnoticias.com.mx\/Portal\/?p=213228"},"modified":"2025-03-30T03:30:34","modified_gmt":"2025-03-30T03:30:34","slug":"gobierno-de-sonora-a-traves-de-ues-y-cobach-impulsara-proyectos-de-vinculacion-e-investigacion","status":"publish","type":"post","link":"https:\/\/rnoticias.com.mx\/Portal\/2025\/03\/30\/gobierno-de-sonora-a-traves-de-ues-y-cobach-impulsara-proyectos-de-vinculacion-e-investigacion\/","title":{"rendered":"Gobierno de Sonora, a trav\u00e9s de UES y Cobach, impulsar\u00e1 proyectos de vinculaci\u00f3n e investigaci\u00f3n"},"content":{"rendered":"<p>Hermosillo, Sonora; 29 de marzo de 2025. &#8211; La Universidad Estatal de Sonora (UES) y el Colegio de Bachilleres del Estado de Sonora (Cobach) impulsar\u00e1n proyectos de vinculaci\u00f3n e investigaci\u00f3n, as\u00ed como la impartici\u00f3n de cursos, talleres, diplomados y conferencias, con el objetivo de fortalecer la formaci\u00f3n acad\u00e9mica y profesional del estudiantado de ambas instituciones, anunci\u00f3 Martha Patricia Pati\u00f1o Fierro.<\/p>\n<p>La rectora de la UES firm\u00f3 un convenio de colaboraci\u00f3n con el director general del\u00a0Cobach\u00a0Sonora, Rodrigo Arturo Rosas Burgos, a trav\u00e9s del cual tambi\u00e9n se implementar\u00e1n programas de servicio social y pr\u00e1cticas profesionales en beneficio de sus comunidades educativas.<\/p>\n<p>Durante la firma del acuerdo, la rectora de la UES destac\u00f3 el compromiso de la universidad con la formaci\u00f3n de profesionales vinculados al desarrollo estatal, a trav\u00e9s de un modelo educativo basado en principios de inclusi\u00f3n, interculturalidad, integridad, igualdad de g\u00e9nero, sustentabilidad, adaptabilidad y excelencia acad\u00e9mica, entre otros, subrayando la importancia de fortalecer la educaci\u00f3n media superior y superior a trav\u00e9s de este tipo de alianzas.<\/p>\n<p>\u201cQueremos que las y los estudiantes de\u00a0Cobach\u00a0sepan que en la UES encontrar\u00e1n programas educativos alineados con los sectores productivos y el desarrollo de Sonora, con una visi\u00f3n humanista que integra ciencia, tecnolog\u00eda y administraci\u00f3n para el bienestar de la comunidad\u201d, se\u00f1al\u00f3.<\/p>\n<p>Por su parte, el director general, Rodrigo Arturo Rosas Burgos, resalt\u00f3 que la instituci\u00f3n cuenta con 30 planteles en Sonora y atiende a cerca de 28 mil estudiantes, sumando m\u00e1s de 220 mil egresados en sus 50 a\u00f1os de historia.<\/p>\n","protected":false},"excerpt":{"rendered":"<p>Hermosillo, Sonora; 29 de marzo de 2025. &#8211; La Universidad Estatal de Sonora (UES) y el Colegio de Bachilleres del Estado de Sonora (Cobach) impulsar\u00e1n proyectos de vinculaci\u00f3n e investigaci\u00f3n, as\u00ed como la impartici\u00f3n de cursos, talleres, diplomados y conferencias, con el objetivo de fortalecer la formaci\u00f3n acad\u00e9mica y profesional del estudiantado de ambas instituciones, [&hellip;]<\/p>\n","protected":false},"author":2,"featured_media":213229,"comment_status":"closed","ping_status":"closed","sticky":false,"template":"","format":"standard","meta":{"footnotes":""},"categories":[178],"tags":[12869],"class_list":["post-213228","post","type-post","status-publish","format-standard","has-post-thumbnail","hentry","category-local","tag-local"],"jetpack_featured_media_url":"https:\/\/rnoticias.com.mx\/Portal\/wp-content\/uploads\/2025\/03\/unnamed-105.jpg","amp_enabled":true,"_links":{"self":[{"href":"https:\/\/rnoticias.com.mx\/Portal\/wp-json\/wp\/v2\/posts\/213228","targetHints":{"allow":["GET"]}}],"collection":[{"href":"https:\/\/rnoticias.com.mx\/Portal\/wp-json\/wp\/v2\/posts"}],"about":[{"href":"https:\/\/rnoticias.com.mx\/Portal\/wp-json\/wp\/v2\/types\/post"}],"author":[{"embeddable":true,"href":"https:\/\/rnoticias.com.mx\/Portal\/wp-json\/wp\/v2\/users\/2"}],"replies":[{"embeddable":true,"href":"https:\/\/rnoticias.com.mx\/Portal\/wp-json\/wp\/v2\/comments?post=213228"}],"version-history":[{"count":1,"href":"https:\/\/rnoticias.com.mx\/Portal\/wp-json\/wp\/v2\/posts\/213228\/revisions"}],"predecessor-version":[{"id":213230,"href":"https:\/\/rnoticias.com.mx\/Portal\/wp-json\/wp\/v2\/posts\/213228\/revisions\/213230"}],"wp:featuredmedia":[{"embeddable":true,"href":"https:\/\/rnoticias.com.mx\/Portal\/wp-json\/wp\/v2\/media\/213229"}],"wp:attachment":[{"href":"https:\/\/rnoticias.com.mx\/Portal\/wp-json\/wp\/v2\/media?parent=213228"}],"wp:term":[{"taxonomy":"category","embeddable":true,"href":"https:\/\/rnoticias.com.mx\/Portal\/wp-json\/wp\/v2\/categories?post=213228"},{"taxonomy":"post_tag","embeddable":true,"href":"https:\/\/rnoticias.com.mx\/Portal\/wp-json\/wp\/v2\/tags?post=213228"}],"curies":[{"name":"wp","href":"https:\/\/api.w.org\/{rel}","templated":true}]}}