{"id":213225,"date":"2025-03-30T03:24:55","date_gmt":"2025-03-30T03:24:55","guid":{"rendered":"https:\/\/rnoticias.com.mx\/Portal\/?p=213225"},"modified":"2025-03-30T03:24:55","modified_gmt":"2025-03-30T03:24:55","slug":"participa-dif-hermosillo-en-el-foro-manual-de-operacion-de-la-familia","status":"publish","type":"post","link":"https:\/\/rnoticias.com.mx\/Portal\/2025\/03\/30\/participa-dif-hermosillo-en-el-foro-manual-de-operacion-de-la-familia\/","title":{"rendered":"Participa DIF Hermosillo en el Foro \u201cManual de Operaci\u00f3n de la Familia\u201d"},"content":{"rendered":"<p><b><span lang=\"ES\" data-olk-copy-source=\"MessageBody\">\u00a0<\/span><\/b><b><span lang=\"ES\">Hermosillo, Sonora; 29 de marzo, 2025.-\u00a0<\/span><\/b><span lang=\"ES\">\u00a0\u201cLa familia es nuestro H\u00e1bitat natural, la primera comunidad de vida, espacio de encuentro, fuente de seguridad, identidad y prop\u00f3sito\u201d, afirm\u00f3 la directora de DIF Hermosillo, Madeleine Bonnafoux, en el foro \u201cManual de Operaci\u00f3n de la Familia\u201d, que organiz\u00f3 el grupo Madrugadores de Hermosillo.<\/span><\/p>\n<p><span lang=\"ES\">\u00a0<\/span><\/p>\n<p><span lang=\"ES\">La funcionaria Municipal asisti\u00f3 como invitada especial al evento y agradeci\u00f3 a quienes conforman a esta agrupaci\u00f3n de la sociedad civil por contribuir mediante la participaci\u00f3n ciudadana a la construcci\u00f3n de una comunidad m\u00e1s solidaria y responsable.<\/span><\/p>\n<p><span lang=\"ES\">\u00a0<\/span><\/p>\n<p><span lang=\"ES\">Alab\u00f3 el inter\u00e9s del grupo madrugadores por promover la reflexi\u00f3n sobre el tema de la familia, por ser de gran inter\u00e9s en lo personal y para el Presidente Municipal Antonio Astiazar\u00e1n y su esposa Patty Ruibal Zaragoza, Presidenta honoraria de DIF Hermosillo, quienes le encomendaron la tarea de trabajar a favor y en la protecci\u00f3n de las familias hermosillenses.<\/span><\/p>\n<p><span lang=\"ES\">\u00a0<\/span><\/p>\n<p><span lang=\"ES\">Se declar\u00f3 convencida de que si m\u00e1s personas, desde sus respectivas trincheras y \u00e1mbitos de acci\u00f3n, contribuyen con la creaci\u00f3n de espacios para que las familias crezcan en el amor, el resultado ser\u00e1 una comunidad unida y solidaria.<\/span><\/p>\n<p><span lang=\"ES\">\u00a0<\/span><\/p>\n<p><span lang=\"ES\">Revel\u00f3 que, desde su arribo a la administraci\u00f3n Municipal, Antonio Astiazar\u00e1n y su esposa Patty decidieron crear una direcci\u00f3n de la Familia, cuya funci\u00f3n es crear y ejecutar programas que refuercen la unidad del n\u00facleo familiar en cada rinc\u00f3n del territorio hermosillense.\u00a0\u00a0<\/span><\/p>\n<p><span lang=\"ES\">\u00a0<\/span><\/p>\n<p><span lang=\"ES\">Mencion\u00f3 que para el cumplimiento de sus objetivos DIF Hermosillo cuenta con muy diversas herramientas que incluyen al Centro de la Familia, las Casas de los Abuelos, las estancias infantiles y la Orquesta Infantil y Juvenil de DIF Hermosillo, as\u00ed como \u00e1reas de atenci\u00f3n psicol\u00f3gica gratuita y eventos importantes como el Congreso de la Familia.<\/span><\/p>\n<p><span lang=\"ES\">\u00a0<\/span><\/p>\n<p><span lang=\"ES\">A modo de resumen revel\u00f3 que la visi\u00f3n con que se est\u00e1 gobernando en Hermosillo considera igualmente importantes la ejecuci\u00f3n de obras en el municipio como el fortalecimiento de las familias.\u00a0<\/span><\/p>\n<p><span lang=\"ES\">\u00a0<\/span><\/p>\n<p><span lang=\"ES\">La Coordinadora del grupo Madrugadores, Conchita de Rosas, explic\u00f3 que el foro \u201cManual de Operaci\u00f3n de la Familia\u201d, se concibi\u00f3 como un espacio de di\u00e1logo abierto sobre una gran diversidad de temas relacionados con la familia, desde distintas perspectivas, enfoques y especialidades acad\u00e9micas y profesionales.<\/span><\/p>\n","protected":false},"excerpt":{"rendered":"<p>\u00a0Hermosillo, Sonora; 29 de marzo, 2025.-\u00a0\u00a0\u201cLa familia es nuestro H\u00e1bitat natural, la primera comunidad de vida, espacio de encuentro, fuente de seguridad, identidad y prop\u00f3sito\u201d, afirm\u00f3 la directora de DIF Hermosillo, Madeleine Bonnafoux, en el foro \u201cManual de Operaci\u00f3n de la Familia\u201d, que organiz\u00f3 el grupo Madrugadores de Hermosillo. \u00a0 La funcionaria Municipal asisti\u00f3 como [&hellip;]<\/p>\n","protected":false},"author":2,"featured_media":213226,"comment_status":"closed","ping_status":"closed","sticky":false,"template":"","format":"standard","meta":{"footnotes":""},"categories":[12870,178],"tags":[12865,12869],"class_list":["post-213225","post","type-post","status-publish","format-standard","has-post-thumbnail","hentry","category-destacadas","category-local","tag-destacadas","tag-local"],"jetpack_featured_media_url":"https:\/\/rnoticias.com.mx\/Portal\/wp-content\/uploads\/2025\/03\/281-scaled.jpg","amp_enabled":true,"_links":{"self":[{"href":"https:\/\/rnoticias.com.mx\/Portal\/wp-json\/wp\/v2\/posts\/213225","targetHints":{"allow":["GET"]}}],"collection":[{"href":"https:\/\/rnoticias.com.mx\/Portal\/wp-json\/wp\/v2\/posts"}],"about":[{"href":"https:\/\/rnoticias.com.mx\/Portal\/wp-json\/wp\/v2\/types\/post"}],"author":[{"embeddable":true,"href":"https:\/\/rnoticias.com.mx\/Portal\/wp-json\/wp\/v2\/users\/2"}],"replies":[{"embeddable":true,"href":"https:\/\/rnoticias.com.mx\/Portal\/wp-json\/wp\/v2\/comments?post=213225"}],"version-history":[{"count":1,"href":"https:\/\/rnoticias.com.mx\/Portal\/wp-json\/wp\/v2\/posts\/213225\/revisions"}],"predecessor-version":[{"id":213227,"href":"https:\/\/rnoticias.com.mx\/Portal\/wp-json\/wp\/v2\/posts\/213225\/revisions\/213227"}],"wp:featuredmedia":[{"embeddable":true,"href":"https:\/\/rnoticias.com.mx\/Portal\/wp-json\/wp\/v2\/media\/213226"}],"wp:attachment":[{"href":"https:\/\/rnoticias.com.mx\/Portal\/wp-json\/wp\/v2\/media?parent=213225"}],"wp:term":[{"taxonomy":"category","embeddable":true,"href":"https:\/\/rnoticias.com.mx\/Portal\/wp-json\/wp\/v2\/categories?post=213225"},{"taxonomy":"post_tag","embeddable":true,"href":"https:\/\/rnoticias.com.mx\/Portal\/wp-json\/wp\/v2\/tags?post=213225"}],"curies":[{"name":"wp","href":"https:\/\/api.w.org\/{rel}","templated":true}]}}