{"id":213222,"date":"2025-03-30T03:22:00","date_gmt":"2025-03-30T03:22:00","guid":{"rendered":"https:\/\/rnoticias.com.mx\/Portal\/?p=213222"},"modified":"2025-03-30T03:22:00","modified_gmt":"2025-03-30T03:22:00","slug":"gobierno-de-sonora-reafirma-compromiso-en-la-conservacion-de-la-vida-marina-con-el-hundimiento-de-buque","status":"publish","type":"post","link":"https:\/\/rnoticias.com.mx\/Portal\/2025\/03\/30\/gobierno-de-sonora-reafirma-compromiso-en-la-conservacion-de-la-vida-marina-con-el-hundimiento-de-buque\/","title":{"rendered":"Gobierno de Sonora reafirma compromiso en la conservaci\u00f3n de la vida marina con el hundimiento de buque"},"content":{"rendered":"<table class=\"m_4116226408727073919shell_panel-row\" border=\"0\" width=\"100%\" cellspacing=\"0\" cellpadding=\"0\" bgcolor=\"#e6e6e6\">\n<tbody>\n<tr>\n<td align=\"center\" valign=\"top\">\n<table class=\"m_4116226408727073919scale\" border=\"0\" cellspacing=\"0\" cellpadding=\"0\" align=\"center\">\n<tbody>\n<tr>\n<td align=\"center\" valign=\"top\">\n<table border=\"0\" width=\"100%\" cellspacing=\"0\" cellpadding=\"0\" align=\"center\">\n<tbody>\n<tr>\n<td align=\"center\" valign=\"top\" bgcolor=\"#ffffff\">\n<table class=\"m_4116226408727073919layout\" border=\"0\" width=\"100%\" cellspacing=\"0\" cellpadding=\"0\">\n<tbody>\n<tr>\n<td class=\"m_4116226408727073919column m_4116226408727073919scale m_4116226408727073919stack\" align=\"center\" valign=\"top\">\n<table class=\"m_4116226408727073919image m_4116226408727073919image--mobile-scale m_4116226408727073919image--mobile-center\" border=\"0\" width=\"100%\" cellspacing=\"0\" cellpadding=\"0\">\n<tbody>\n<tr>\n<td class=\"m_4116226408727073919image_container m_4116226408727073919content-padding-horizontal\" align=\"center\" valign=\"top\">\n<table class=\"m_4116226408727073919text\" border=\"0\" cellspacing=\"0\" cellpadding=\"0\">\n<tbody>\n<tr>\n<td class=\"m_4116226408727073919text_content-cell\" align=\"center\"><img decoding=\"async\" class=\"CToWUd\" src=\"https:\/\/ci3.googleusercontent.com\/meips\/ADKq_NY5P2W8QEet33IqyLvbddTaPGu0_bBluifCYpx-qt4tJdejIsoCy17hfuRrdr59glR8GiPzhaQ81V8PZSUd61XhjNbpGEkbCQuHGP3wvcYX8-3U5J93fLmBUogrX6ArFCv5wKpOKgrLKegpsFgFT2A=s0-d-e1-ft#https:\/\/mlsvc01-prod.s3.amazonaws.com\/5b47c499001\/555a5c32-3704-4f7b-b99f-67db61889170.jpg\" alt=\"\" width=\"265\" data-bit=\"iit\" \/><\/td>\n<\/tr>\n<\/tbody>\n<\/table>\n<\/td>\n<\/tr>\n<\/tbody>\n<\/table>\n<\/td>\n<\/tr>\n<\/tbody>\n<\/table>\n<table class=\"m_4116226408727073919layout\" border=\"0\" width=\"100%\" cellspacing=\"0\" cellpadding=\"0\">\n<tbody>\n<tr>\n<td class=\"m_4116226408727073919column m_4116226408727073919scale m_4116226408727073919stack\" align=\"center\" valign=\"top\">\n<table class=\"m_4116226408727073919text\" border=\"0\" width=\"100%\" cellspacing=\"0\" cellpadding=\"0\">\n<tbody>\n<tr>\n<td class=\"m_4116226408727073919text_content-cell m_4116226408727073919content-padding-horizontal\" align=\"left\" valign=\"top\">&nbsp;<\/p>\n<p>San Carlos, Sonora; 29 de marzo de 2025. &#8211; El Gobierno de Sonora, a trav\u00e9s de la Secretar\u00eda de Econom\u00eda y Turismo (Setur), llev\u00f3 a cabo el hundimiento del ex Buque \u201cEltanin\u201d, una embarcaci\u00f3n de aproximadamente 13 metros de eslora, que se sumar\u00e1 al Sistema Arrecifal Artificial Sonorense (SAAS).<\/p>\n<p>Esta acci\u00f3n, realizada en coordinaci\u00f3n con la Secretar\u00eda de Marina \u2013 Armada de M\u00e9xico, tiene como objetivo contribuir a la preservaci\u00f3n del ecosistema marino del Golfo de California, al tiempo que promueve el turismo de buceo en la regi\u00f3n y genera un impacto directo en la econom\u00eda local.<\/p>\n<p>El secretario de Econom\u00eda y Turismo de Sonora, Roberto Gradillas Pineda, coment\u00f3 que con el hundimiento de \u201cEltanin\u201d, se fortalecer\u00e1 el ecosistema marino local, proporcionando refugio y \u00e1reas de reproducci\u00f3n para diversas especies marinas.<\/p>\n<p>Este es el tercer hundimiento realizado en el marco de este programa, luego de las exitosas incorporaciones del ex Buque\u00a0\u201cSantos\u201d\u00a0y \u201cSuchiate\u201d, los cuales ya han demostrado un impacto positivo en el crecimiento de la vida marina en la zona.<\/p>\n<p>\u201cQuiero agradecer al gobernador Alfonso Durazo por su continuo apoyo a iniciativas como esta, que buscan beneficiar tanto al medio ambiente como a las comunidades locales. Este proyecto no solo refleja nuestro compromiso con la conservaci\u00f3n de nuestros ecosistemas, sino que tambi\u00e9n representa una importante oportunidad para el desarrollo econ\u00f3mico de la regi\u00f3n a trav\u00e9s del ecoturismo\u201d, expres\u00f3 Gradillas Pineda.<\/p>\n<p>El SAAS, que incluir\u00e1 un total de 14 artefactos navales, est\u00e1 dise\u00f1ado con materiales sostenibles y amigables con el entorno, desempe\u00f1ando un papel crucial en la protecci\u00f3n y mejora de los ecosistemas marinos de la regi\u00f3n. Este es el primer sistema arrecifal artificial de estas caracter\u00edsticas en toda Latinoam\u00e9rica.<\/td>\n<\/tr>\n<\/tbody>\n<\/table>\n<\/td>\n<\/tr>\n<\/tbody>\n<\/table>\n<\/td>\n<\/tr>\n<\/tbody>\n<\/table>\n<\/td>\n<\/tr>\n<\/tbody>\n<\/table>\n<\/td>\n<\/tr>\n<\/tbody>\n<\/table>\n","protected":false},"excerpt":{"rendered":"<p>&nbsp; San Carlos, Sonora; 29 de marzo de 2025. &#8211; El Gobierno de Sonora, a trav\u00e9s de la Secretar\u00eda de Econom\u00eda y Turismo (Setur), llev\u00f3 a cabo el hundimiento del ex Buque \u201cEltanin\u201d, una embarcaci\u00f3n de aproximadamente 13 metros de eslora, que se sumar\u00e1 al Sistema Arrecifal Artificial Sonorense (SAAS). Esta acci\u00f3n, realizada en coordinaci\u00f3n [&hellip;]<\/p>\n","protected":false},"author":2,"featured_media":213223,"comment_status":"closed","ping_status":"closed","sticky":false,"template":"","format":"standard","meta":{"footnotes":""},"categories":[12870,174],"tags":[12865,12873],"class_list":["post-213222","post","type-post","status-publish","format-standard","has-post-thumbnail","hentry","category-destacadas","category-estatal","tag-destacadas","tag-estatal"],"jetpack_featured_media_url":"https:\/\/rnoticias.com.mx\/Portal\/wp-content\/uploads\/2025\/03\/unnamed-104.jpg","amp_enabled":true,"_links":{"self":[{"href":"https:\/\/rnoticias.com.mx\/Portal\/wp-json\/wp\/v2\/posts\/213222","targetHints":{"allow":["GET"]}}],"collection":[{"href":"https:\/\/rnoticias.com.mx\/Portal\/wp-json\/wp\/v2\/posts"}],"about":[{"href":"https:\/\/rnoticias.com.mx\/Portal\/wp-json\/wp\/v2\/types\/post"}],"author":[{"embeddable":true,"href":"https:\/\/rnoticias.com.mx\/Portal\/wp-json\/wp\/v2\/users\/2"}],"replies":[{"embeddable":true,"href":"https:\/\/rnoticias.com.mx\/Portal\/wp-json\/wp\/v2\/comments?post=213222"}],"version-history":[{"count":1,"href":"https:\/\/rnoticias.com.mx\/Portal\/wp-json\/wp\/v2\/posts\/213222\/revisions"}],"predecessor-version":[{"id":213224,"href":"https:\/\/rnoticias.com.mx\/Portal\/wp-json\/wp\/v2\/posts\/213222\/revisions\/213224"}],"wp:featuredmedia":[{"embeddable":true,"href":"https:\/\/rnoticias.com.mx\/Portal\/wp-json\/wp\/v2\/media\/213223"}],"wp:attachment":[{"href":"https:\/\/rnoticias.com.mx\/Portal\/wp-json\/wp\/v2\/media?parent=213222"}],"wp:term":[{"taxonomy":"category","embeddable":true,"href":"https:\/\/rnoticias.com.mx\/Portal\/wp-json\/wp\/v2\/categories?post=213222"},{"taxonomy":"post_tag","embeddable":true,"href":"https:\/\/rnoticias.com.mx\/Portal\/wp-json\/wp\/v2\/tags?post=213222"}],"curies":[{"name":"wp","href":"https:\/\/api.w.org\/{rel}","templated":true}]}}