{"id":213214,"date":"2025-03-28T19:59:39","date_gmt":"2025-03-28T19:59:39","guid":{"rendered":"https:\/\/rnoticias.com.mx\/Portal\/?p=213214"},"modified":"2025-03-28T19:59:39","modified_gmt":"2025-03-28T19:59:39","slug":"capturan-a-adolescente-implicado-en-robos-a-tiendas-de-conveniencia-en-hermosillo","status":"publish","type":"post","link":"https:\/\/rnoticias.com.mx\/Portal\/2025\/03\/28\/capturan-a-adolescente-implicado-en-robos-a-tiendas-de-conveniencia-en-hermosillo\/","title":{"rendered":"Capturan a adolescente implicado en robos a tiendas de conveniencia en Hermosillo"},"content":{"rendered":"<p>Hermosillo, Sonora, a 28 de marzo de 2025.- En atenci\u00f3n a causa penal emitida en agosto de 2024, personal operativo de la Agencia Ministerial de Investigaci\u00f3n Criminal (AMIC) ejecut\u00f3 una orden de aprehensi\u00f3n en la colonia Insurgentes, en Hermosillo, contra un adolescente por la probable comisi\u00f3n del delito de robo.<\/p>\n<p>La acci\u00f3n tuvo como objetivo capturar al masculino de 17 a\u00f1os, conocido con el alias \u201cEl Voldemort\u201d, implicado en el delito de robo con violencia en las personas en perjuicio de establecimientos comerciales abiertos al p\u00fablico, espec\u00edficamente en una tienda de conveniencia.<\/p>\n<p>El menor detenido cuenta con diversas carpetas de investigaci\u00f3n cumplimentadas, todas con perspectiva de adolescencia, previamente por hechos similares contra la misma cadena comercial, lo cual refuerza su probable participaci\u00f3n reiterada en estos il\u00edcitos.<\/p>\n<p>Tras la efectiva intervenci\u00f3n, el adolescente fue inmediatamente trasladado e internado en el Instituto de Tratamiento y de Aplicaci\u00f3n de Medidas para Adolescentes (ITAMA), quedando bajo disposici\u00f3n de la autoridad judicial especializada en Justicia para Adolescentes.<\/p>\n<p>La Fiscal\u00eda General de Justicia del Estado de Sonora (FGJES) reitera su compromiso institucional con acciones permanentes para combatir la delincuencia, garantizando la justicia y protecci\u00f3n integral conforme al Sistema Integral de Justicia para Adolescentes.<\/p>\n","protected":false},"excerpt":{"rendered":"<p>Hermosillo, Sonora, a 28 de marzo de 2025.- En atenci\u00f3n a causa penal emitida en agosto de 2024, personal operativo de la Agencia Ministerial de Investigaci\u00f3n Criminal (AMIC) ejecut\u00f3 una orden de aprehensi\u00f3n en la colonia Insurgentes, en Hermosillo, contra un adolescente por la probable comisi\u00f3n del delito de robo. La acci\u00f3n tuvo como objetivo [&hellip;]<\/p>\n","protected":false},"author":2,"featured_media":213215,"comment_status":"closed","ping_status":"closed","sticky":false,"template":"","format":"standard","meta":{"footnotes":""},"categories":[12870,178],"tags":[12865,12869],"class_list":["post-213214","post","type-post","status-publish","format-standard","has-post-thumbnail","hentry","category-destacadas","category-local","tag-destacadas","tag-local"],"jetpack_featured_media_url":"https:\/\/rnoticias.com.mx\/Portal\/wp-content\/uploads\/2025\/03\/3c394607-21e7-499b-a577-0bd049137af1.jpg","amp_enabled":true,"_links":{"self":[{"href":"https:\/\/rnoticias.com.mx\/Portal\/wp-json\/wp\/v2\/posts\/213214","targetHints":{"allow":["GET"]}}],"collection":[{"href":"https:\/\/rnoticias.com.mx\/Portal\/wp-json\/wp\/v2\/posts"}],"about":[{"href":"https:\/\/rnoticias.com.mx\/Portal\/wp-json\/wp\/v2\/types\/post"}],"author":[{"embeddable":true,"href":"https:\/\/rnoticias.com.mx\/Portal\/wp-json\/wp\/v2\/users\/2"}],"replies":[{"embeddable":true,"href":"https:\/\/rnoticias.com.mx\/Portal\/wp-json\/wp\/v2\/comments?post=213214"}],"version-history":[{"count":1,"href":"https:\/\/rnoticias.com.mx\/Portal\/wp-json\/wp\/v2\/posts\/213214\/revisions"}],"predecessor-version":[{"id":213216,"href":"https:\/\/rnoticias.com.mx\/Portal\/wp-json\/wp\/v2\/posts\/213214\/revisions\/213216"}],"wp:featuredmedia":[{"embeddable":true,"href":"https:\/\/rnoticias.com.mx\/Portal\/wp-json\/wp\/v2\/media\/213215"}],"wp:attachment":[{"href":"https:\/\/rnoticias.com.mx\/Portal\/wp-json\/wp\/v2\/media?parent=213214"}],"wp:term":[{"taxonomy":"category","embeddable":true,"href":"https:\/\/rnoticias.com.mx\/Portal\/wp-json\/wp\/v2\/categories?post=213214"},{"taxonomy":"post_tag","embeddable":true,"href":"https:\/\/rnoticias.com.mx\/Portal\/wp-json\/wp\/v2\/tags?post=213214"}],"curies":[{"name":"wp","href":"https:\/\/api.w.org\/{rel}","templated":true}]}}