{"id":213190,"date":"2025-03-28T19:29:38","date_gmt":"2025-03-28T19:29:38","guid":{"rendered":"https:\/\/rnoticias.com.mx\/Portal\/?p=213190"},"modified":"2025-03-28T19:29:38","modified_gmt":"2025-03-28T19:29:38","slug":"trabajo-coordinado-del-gobierno-de-sonora-con-estados-unidos-da-resultados-positivos","status":"publish","type":"post","link":"https:\/\/rnoticias.com.mx\/Portal\/2025\/03\/28\/trabajo-coordinado-del-gobierno-de-sonora-con-estados-unidos-da-resultados-positivos\/","title":{"rendered":"Trabajo coordinado del Gobierno de Sonora con Estados Unidos da resultados positivos"},"content":{"rendered":"<p>San Luis R\u00edo Colorado, Sonora; 28 de marzo de 2025. &#8211; Gracias a un trabajo coordinado entre grupos especializados de la Polic\u00eda Estatal, la Polic\u00eda Municipal y la Oficina de Aduanas y Protecci\u00f3n Fronteriza de Estados Unidos (CBP, por sus siglas en ingl\u00e9s), se logr\u00f3 la detenci\u00f3n de Mart\u00edn &#8220;N&#8221;, quien ten\u00eda una orden de arresto en Estados Unidos por el delito de tr\u00e1fico de personas.<\/p>\n<p>La captura se realiz\u00f3 en el municipio fronterizo como resultado de los esfuerzos conjuntos entre las autoridades de ambos pa\u00edses en el combate a los delitos transnacionales. Tras su detenci\u00f3n, Mart\u00edn &#8220;N&#8221; fue puesto a disposici\u00f3n de las autoridades competentes para que se lleven a cabo los procedimientos legales correspondientes.<\/p>\n<p>Estas acciones forman parte del compromiso del Gobierno del Estado, a trav\u00e9s de la Secretar\u00eda de Seguridad P\u00fablica, para reforzar la seguridad en la regi\u00f3n y garantizar la tranquilidad de los ciudadanos.<\/p>\n<p>La Secretar\u00eda de Seguridad P\u00fablica reitera su compromiso de continuar trabajando de manera coordinada con las diversas corporaciones de seguridad para salvaguardar la integridad de la poblaci\u00f3n y combatir cualquier actividad delictiva que atente contra la paz y la tranquilidad de los ciudadanos.<\/p>\n","protected":false},"excerpt":{"rendered":"<p>San Luis R\u00edo Colorado, Sonora; 28 de marzo de 2025. &#8211; Gracias a un trabajo coordinado entre grupos especializados de la Polic\u00eda Estatal, la Polic\u00eda Municipal y la Oficina de Aduanas y Protecci\u00f3n Fronteriza de Estados Unidos (CBP, por sus siglas en ingl\u00e9s), se logr\u00f3 la detenci\u00f3n de Mart\u00edn &#8220;N&#8221;, quien ten\u00eda una orden de [&hellip;]<\/p>\n","protected":false},"author":2,"featured_media":213191,"comment_status":"closed","ping_status":"closed","sticky":false,"template":"","format":"standard","meta":{"footnotes":""},"categories":[12870,174],"tags":[12865,12873],"class_list":["post-213190","post","type-post","status-publish","format-standard","has-post-thumbnail","hentry","category-destacadas","category-estatal","tag-destacadas","tag-estatal"],"jetpack_featured_media_url":"https:\/\/rnoticias.com.mx\/Portal\/wp-content\/uploads\/2025\/03\/unnamed-103.jpg","amp_enabled":true,"_links":{"self":[{"href":"https:\/\/rnoticias.com.mx\/Portal\/wp-json\/wp\/v2\/posts\/213190","targetHints":{"allow":["GET"]}}],"collection":[{"href":"https:\/\/rnoticias.com.mx\/Portal\/wp-json\/wp\/v2\/posts"}],"about":[{"href":"https:\/\/rnoticias.com.mx\/Portal\/wp-json\/wp\/v2\/types\/post"}],"author":[{"embeddable":true,"href":"https:\/\/rnoticias.com.mx\/Portal\/wp-json\/wp\/v2\/users\/2"}],"replies":[{"embeddable":true,"href":"https:\/\/rnoticias.com.mx\/Portal\/wp-json\/wp\/v2\/comments?post=213190"}],"version-history":[{"count":1,"href":"https:\/\/rnoticias.com.mx\/Portal\/wp-json\/wp\/v2\/posts\/213190\/revisions"}],"predecessor-version":[{"id":213192,"href":"https:\/\/rnoticias.com.mx\/Portal\/wp-json\/wp\/v2\/posts\/213190\/revisions\/213192"}],"wp:featuredmedia":[{"embeddable":true,"href":"https:\/\/rnoticias.com.mx\/Portal\/wp-json\/wp\/v2\/media\/213191"}],"wp:attachment":[{"href":"https:\/\/rnoticias.com.mx\/Portal\/wp-json\/wp\/v2\/media?parent=213190"}],"wp:term":[{"taxonomy":"category","embeddable":true,"href":"https:\/\/rnoticias.com.mx\/Portal\/wp-json\/wp\/v2\/categories?post=213190"},{"taxonomy":"post_tag","embeddable":true,"href":"https:\/\/rnoticias.com.mx\/Portal\/wp-json\/wp\/v2\/tags?post=213190"}],"curies":[{"name":"wp","href":"https:\/\/api.w.org\/{rel}","templated":true}]}}