{"id":213181,"date":"2025-03-28T17:47:03","date_gmt":"2025-03-28T17:47:03","guid":{"rendered":"https:\/\/rnoticias.com.mx\/Portal\/?p=213181"},"modified":"2025-03-28T17:47:03","modified_gmt":"2025-03-28T17:47:03","slug":"muere-el-empresario-mexicano-olegario-vazquez-rana","status":"publish","type":"post","link":"https:\/\/rnoticias.com.mx\/Portal\/2025\/03\/28\/muere-el-empresario-mexicano-olegario-vazquez-rana\/","title":{"rendered":"Muere el empresario mexicano Olegario V\u00e1zquez Ra\u00f1a"},"content":{"rendered":"<p>Este viernes 28 de marzo\u00a0<mark><strong>falleci\u00f3 el empresario mexicano Olegario V\u00e1zquez Ra\u00f1a, presidente y principal accionista del Grupo Empresarial \u00c1ngeles,<\/strong><\/mark>\u00a0a los 89 a\u00f1os de edad.<\/p>\n<p>Diversos periodistas y medios de comunicaci\u00f3n nacionales dieron a conocer la informaci\u00f3n.<\/p>\n<h2>\u00bfQui\u00e9n fue Olegario V\u00e1zquez Ra\u00f1a?<\/h2>\n<p>Olegario V\u00e1zquez Ra\u00f1a, empresario mexicano, presidente y accionista principal del Grupo Empresarial \u00c1ngeles, un conglomerado de hospitales, hoteles, banca y medios de comunicaci\u00f3n, muri\u00f3 este viernes 28 de marzo a los 89 a\u00f1os.<\/p>\n<p>A lo largo de su carrera profesional, V\u00e1zquez Ra\u00f1a logr\u00f3 abrirse camino y dejar huella en sectores como la salud, el deporte, la comunicaci\u00f3n y la vida p\u00fablica.<\/p>\n<p>Destac\u00f3 como presidente de la Cruz Roja Mexicana, l\u00edder de la Federaci\u00f3n de Deporte de Tiro Internacional e integrante del Comit\u00e9 Ol\u00edmpico Internacional.<\/p>\n<p><mark><strong>En los deportes, destac\u00f3 con su participaci\u00f3n como tirador de rifle en los Juegos Ol\u00edmpicos de Tokio 1964, M\u00e9xico 1968, M\u00fanich 1972 y Montreal 1976.<\/strong><\/mark><\/p>\n<h2>V\u00e1zquez Ra\u00f1a, entre las empresas y el deporte<\/h2>\n<p>Durante 1992, fue nombrado presidente Honorario Vitalicio de la Federaci\u00f3n Mexicana de Tiro, tras su liderazgo como vicepresidente de la Confederaci\u00f3n Deportiva Mexicana en el per\u00edodo de 1983 a 1992.<\/p>\n<p>De acuerdo con informaci\u00f3n del sitio de web de las olimpiadas, el exdeportista ol\u00edmpico mexicano estudi\u00f3 administraci\u00f3n de empresas.<\/p>\n<p>Tiempo despu\u00e9s se convirti\u00f3 en director de compa\u00f1\u00edas de alto nivel como:<mark><strong>\u00a0Grupo Empresarial \u00c1ngeles, Grupo Financiero Multivalores y Grupo Imagen.<\/strong><\/mark><\/p>\n<p>Olegario V\u00e1zquez Ra\u00f1a fue parte del Comit\u00e9 Ol\u00edmpico Internacional en el a\u00f1o de 1995, donde contribuy\u00f3 en diferentes comisiones. En su pa\u00eds, presidi\u00f3 el Comit\u00e9 Ol\u00edmpico Mexicano.<\/p>\n<p>Al empresario mexicano le sobreviven su esposa, Mar\u00eda de los \u00c1ngeles Aldir, sus hijos Mar\u00eda de los \u00c1ngeles, M\u00f3nica y Olegario, as\u00ed como varios nietos.<\/p>\n","protected":false},"excerpt":{"rendered":"<p>Este viernes 28 de marzo\u00a0falleci\u00f3 el empresario mexicano Olegario V\u00e1zquez Ra\u00f1a, presidente y principal accionista del Grupo Empresarial \u00c1ngeles,\u00a0a los 89 a\u00f1os de edad. Diversos periodistas y medios de comunicaci\u00f3n nacionales dieron a conocer la informaci\u00f3n. \u00bfQui\u00e9n fue Olegario V\u00e1zquez Ra\u00f1a? Olegario V\u00e1zquez Ra\u00f1a, empresario mexicano, presidente y accionista principal del Grupo Empresarial \u00c1ngeles, un [&hellip;]<\/p>\n","protected":false},"author":2,"featured_media":213182,"comment_status":"closed","ping_status":"closed","sticky":false,"template":"","format":"standard","meta":{"footnotes":""},"categories":[12870,172],"tags":[12865,12874],"class_list":["post-213181","post","type-post","status-publish","format-standard","has-post-thumbnail","hentry","category-destacadas","category-nacional","tag-destacadas","tag-nacional"],"jetpack_featured_media_url":"https:\/\/rnoticias.com.mx\/Portal\/wp-content\/uploads\/2025\/03\/snapshot-1.jpeg","amp_enabled":true,"_links":{"self":[{"href":"https:\/\/rnoticias.com.mx\/Portal\/wp-json\/wp\/v2\/posts\/213181","targetHints":{"allow":["GET"]}}],"collection":[{"href":"https:\/\/rnoticias.com.mx\/Portal\/wp-json\/wp\/v2\/posts"}],"about":[{"href":"https:\/\/rnoticias.com.mx\/Portal\/wp-json\/wp\/v2\/types\/post"}],"author":[{"embeddable":true,"href":"https:\/\/rnoticias.com.mx\/Portal\/wp-json\/wp\/v2\/users\/2"}],"replies":[{"embeddable":true,"href":"https:\/\/rnoticias.com.mx\/Portal\/wp-json\/wp\/v2\/comments?post=213181"}],"version-history":[{"count":1,"href":"https:\/\/rnoticias.com.mx\/Portal\/wp-json\/wp\/v2\/posts\/213181\/revisions"}],"predecessor-version":[{"id":213183,"href":"https:\/\/rnoticias.com.mx\/Portal\/wp-json\/wp\/v2\/posts\/213181\/revisions\/213183"}],"wp:featuredmedia":[{"embeddable":true,"href":"https:\/\/rnoticias.com.mx\/Portal\/wp-json\/wp\/v2\/media\/213182"}],"wp:attachment":[{"href":"https:\/\/rnoticias.com.mx\/Portal\/wp-json\/wp\/v2\/media?parent=213181"}],"wp:term":[{"taxonomy":"category","embeddable":true,"href":"https:\/\/rnoticias.com.mx\/Portal\/wp-json\/wp\/v2\/categories?post=213181"},{"taxonomy":"post_tag","embeddable":true,"href":"https:\/\/rnoticias.com.mx\/Portal\/wp-json\/wp\/v2\/tags?post=213181"}],"curies":[{"name":"wp","href":"https:\/\/api.w.org\/{rel}","templated":true}]}}