{"id":213178,"date":"2025-03-28T16:57:41","date_gmt":"2025-03-28T16:57:41","guid":{"rendered":"https:\/\/rnoticias.com.mx\/Portal\/?p=213178"},"modified":"2025-03-28T16:57:41","modified_gmt":"2025-03-28T16:57:41","slug":"atiende-gobierno-de-sonora-a-mas-de-10-mil-personas-con-acciones-de-salud-conalep","status":"publish","type":"post","link":"https:\/\/rnoticias.com.mx\/Portal\/2025\/03\/28\/atiende-gobierno-de-sonora-a-mas-de-10-mil-personas-con-acciones-de-salud-conalep\/","title":{"rendered":"Atiende Gobierno de Sonora a m\u00e1s de 10 mil personas con acciones de salud: Conalep"},"content":{"rendered":"<p>Hermosillo, Sonora; 28 de marzo de 2025. &#8211; En un esfuerzo por promover el bienestar de la comunidad estudiantil, el Colegio de Educaci\u00f3n Profesional T\u00e9cnica del Estado de Sonora (Conalep) llev\u00f3 a cabo la 11.\u00aa Semana de Protecci\u00f3n a la Salud, durante la cual se atendi\u00f3 a m\u00e1s de 10 mil personas mediante diversas acciones, inform\u00f3 Luisa Cristina Rodr\u00edguez Ibarra.<\/p>\n<p>La directora general de Conalep Sonora detall\u00f3 que, en los 14 planteles del subsistema en la entidad, se instalaron m\u00f3dulos especializados en diferentes \u00e1reas, donde estudiantes, personal docente y administrativo pudieron acceder a una variedad de servicios gratuitos.<\/p>\n<p>Precis\u00f3 que, con el apoyo de autoridades de los tres niveles de gobierno, instituciones p\u00fablicas y asociaciones civiles, se realizaron revisiones de signos vitales, consultas m\u00e9dicas b\u00e1sicas, asesor\u00eda nutricional, informaci\u00f3n sobre alimentaci\u00f3n, entrega de cepillos dentales e informaci\u00f3n para mejorar la higiene oral y prevenir enfermedades periodontales.<\/p>\n<p>Rodr\u00edguez Ibarra indic\u00f3 que este tipo de iniciativas favorecen estilos de vida saludables y reafirman el compromiso del Gobierno de Sonora de mejorar la calidad de vida de la poblaci\u00f3n, llevando atenci\u00f3n m\u00e9dica a diferentes sectores de la sociedad y promoviendo la importancia de la prevenci\u00f3n y el autocuidado en los j\u00f3venes.<\/p>\n<p>\u201cLa jornada tuvo una excelente respuesta por parte de las y los asistentes, quienes valoraron la accesibilidad y la calidad de los servicios de salud brindados por todas las dependencias involucradas\u201d, a\u00f1adi\u00f3.<\/p>\n<p>Los j\u00f3venes estudiantes de Conalep Sonora, coordinados por docentes y personal administrativo de todo el estado, realizaron actividades enfocadas en el cuidado de la salud, aplicando sus conocimientos, destrezas y habilidades conforme a la pr\u00e1ctica de sus valores y principios, en beneficio de sus familias y comunidades.<\/p>\n","protected":false},"excerpt":{"rendered":"<p>Hermosillo, Sonora; 28 de marzo de 2025. &#8211; En un esfuerzo por promover el bienestar de la comunidad estudiantil, el Colegio de Educaci\u00f3n Profesional T\u00e9cnica del Estado de Sonora (Conalep) llev\u00f3 a cabo la 11.\u00aa Semana de Protecci\u00f3n a la Salud, durante la cual se atendi\u00f3 a m\u00e1s de 10 mil personas mediante diversas acciones, [&hellip;]<\/p>\n","protected":false},"author":2,"featured_media":213179,"comment_status":"closed","ping_status":"closed","sticky":false,"template":"","format":"standard","meta":{"footnotes":""},"categories":[12870,178],"tags":[12865,12869],"class_list":["post-213178","post","type-post","status-publish","format-standard","has-post-thumbnail","hentry","category-destacadas","category-local","tag-destacadas","tag-local"],"jetpack_featured_media_url":"https:\/\/rnoticias.com.mx\/Portal\/wp-content\/uploads\/2025\/03\/unnamed-1-44.jpg","amp_enabled":true,"_links":{"self":[{"href":"https:\/\/rnoticias.com.mx\/Portal\/wp-json\/wp\/v2\/posts\/213178","targetHints":{"allow":["GET"]}}],"collection":[{"href":"https:\/\/rnoticias.com.mx\/Portal\/wp-json\/wp\/v2\/posts"}],"about":[{"href":"https:\/\/rnoticias.com.mx\/Portal\/wp-json\/wp\/v2\/types\/post"}],"author":[{"embeddable":true,"href":"https:\/\/rnoticias.com.mx\/Portal\/wp-json\/wp\/v2\/users\/2"}],"replies":[{"embeddable":true,"href":"https:\/\/rnoticias.com.mx\/Portal\/wp-json\/wp\/v2\/comments?post=213178"}],"version-history":[{"count":1,"href":"https:\/\/rnoticias.com.mx\/Portal\/wp-json\/wp\/v2\/posts\/213178\/revisions"}],"predecessor-version":[{"id":213180,"href":"https:\/\/rnoticias.com.mx\/Portal\/wp-json\/wp\/v2\/posts\/213178\/revisions\/213180"}],"wp:featuredmedia":[{"embeddable":true,"href":"https:\/\/rnoticias.com.mx\/Portal\/wp-json\/wp\/v2\/media\/213179"}],"wp:attachment":[{"href":"https:\/\/rnoticias.com.mx\/Portal\/wp-json\/wp\/v2\/media?parent=213178"}],"wp:term":[{"taxonomy":"category","embeddable":true,"href":"https:\/\/rnoticias.com.mx\/Portal\/wp-json\/wp\/v2\/categories?post=213178"},{"taxonomy":"post_tag","embeddable":true,"href":"https:\/\/rnoticias.com.mx\/Portal\/wp-json\/wp\/v2\/tags?post=213178"}],"curies":[{"name":"wp","href":"https:\/\/api.w.org\/{rel}","templated":true}]}}