{"id":213172,"date":"2025-03-28T16:54:12","date_gmt":"2025-03-28T16:54:12","guid":{"rendered":"https:\/\/rnoticias.com.mx\/Portal\/?p=213172"},"modified":"2025-03-28T16:54:12","modified_gmt":"2025-03-28T16:54:12","slug":"implementara-gobierno-de-sonora-realidad-virtual-en-institutos-tecnologicos-itesca","status":"publish","type":"post","link":"https:\/\/rnoticias.com.mx\/Portal\/2025\/03\/28\/implementara-gobierno-de-sonora-realidad-virtual-en-institutos-tecnologicos-itesca\/","title":{"rendered":"Implementar\u00e1 Gobierno de Sonora realidad virtual en institutos tecnol\u00f3gicos: Itesca"},"content":{"rendered":"<p>Cajeme, Sonora; 28 de marzo de 2025. &#8211; Con el prop\u00f3sito de desarrollar sistemas de realidad virtual y aumentada orientados a la creaci\u00f3n de entornos inmersivos que repliquen espacios reales de laboratorio y talleres especializados en ingenier\u00eda, el Gobierno de Sonora impulsa la innovaci\u00f3n educativa en los institutos tecnol\u00f3gicos de la entidad, destac\u00f3 Margarita V\u00e9lez de la Rocha.<\/p>\n<p>La directora general del Instituto Tecnol\u00f3gico Superior de Cajeme (Itesca) indic\u00f3 que, en coordinaci\u00f3n con profesores, investigadores y directivos del Instituto Tecnol\u00f3gico Superior de Cananea (Itescan) y el Instituto Tecnol\u00f3gico de Nogales (ITN), ya se trabaja en la elaboraci\u00f3n del proyecto.<\/p>\n<p>Detall\u00f3 que la meta inicial es la construcci\u00f3n de un entorno virtual del cuarto limpio clase ISO 6 de Itesca, as\u00ed como la representaci\u00f3n de su equipamiento asociado a la caracterizaci\u00f3n el\u00e9ctrica, montaje superficial y dep\u00f3sito de pel\u00edculas delgadas, \u00e1reas clave en el fortalecimiento de capacidades para la industria de semiconductores.<\/p>\n<p>V\u00e9lez de la Rocha agreg\u00f3 que, como resultado de un primer acercamiento de coordinaci\u00f3n y colaboraci\u00f3n, se definieron las tecnolog\u00edas a emplear y se conformaron los grupos interdisciplinarios e interinstitucionales que encabezar\u00e1n esta primera fase del desarrollo.<\/p>\n<p>La iniciativa, puntualiz\u00f3, se enmarca dentro de los trabajos del Consorcio Estatal de Semiconductores, alineada con los objetivos estrat\u00e9gicos del Plan Sonora de Energ\u00edas Sostenibles que impulsa el gobernador Alfonso Durazo para consolidar la presencia de la entidad en la cadena global de valor del sector tecnol\u00f3gico.<\/p>\n","protected":false},"excerpt":{"rendered":"<p>Cajeme, Sonora; 28 de marzo de 2025. &#8211; Con el prop\u00f3sito de desarrollar sistemas de realidad virtual y aumentada orientados a la creaci\u00f3n de entornos inmersivos que repliquen espacios reales de laboratorio y talleres especializados en ingenier\u00eda, el Gobierno de Sonora impulsa la innovaci\u00f3n educativa en los institutos tecnol\u00f3gicos de la entidad, destac\u00f3 Margarita V\u00e9lez [&hellip;]<\/p>\n","protected":false},"author":2,"featured_media":213173,"comment_status":"closed","ping_status":"closed","sticky":false,"template":"","format":"standard","meta":{"footnotes":""},"categories":[12870,174],"tags":[12865,12873],"class_list":["post-213172","post","type-post","status-publish","format-standard","has-post-thumbnail","hentry","category-destacadas","category-estatal","tag-destacadas","tag-estatal"],"jetpack_featured_media_url":"https:\/\/rnoticias.com.mx\/Portal\/wp-content\/uploads\/2025\/03\/unnamed-102.jpg","amp_enabled":true,"_links":{"self":[{"href":"https:\/\/rnoticias.com.mx\/Portal\/wp-json\/wp\/v2\/posts\/213172","targetHints":{"allow":["GET"]}}],"collection":[{"href":"https:\/\/rnoticias.com.mx\/Portal\/wp-json\/wp\/v2\/posts"}],"about":[{"href":"https:\/\/rnoticias.com.mx\/Portal\/wp-json\/wp\/v2\/types\/post"}],"author":[{"embeddable":true,"href":"https:\/\/rnoticias.com.mx\/Portal\/wp-json\/wp\/v2\/users\/2"}],"replies":[{"embeddable":true,"href":"https:\/\/rnoticias.com.mx\/Portal\/wp-json\/wp\/v2\/comments?post=213172"}],"version-history":[{"count":1,"href":"https:\/\/rnoticias.com.mx\/Portal\/wp-json\/wp\/v2\/posts\/213172\/revisions"}],"predecessor-version":[{"id":213174,"href":"https:\/\/rnoticias.com.mx\/Portal\/wp-json\/wp\/v2\/posts\/213172\/revisions\/213174"}],"wp:featuredmedia":[{"embeddable":true,"href":"https:\/\/rnoticias.com.mx\/Portal\/wp-json\/wp\/v2\/media\/213173"}],"wp:attachment":[{"href":"https:\/\/rnoticias.com.mx\/Portal\/wp-json\/wp\/v2\/media?parent=213172"}],"wp:term":[{"taxonomy":"category","embeddable":true,"href":"https:\/\/rnoticias.com.mx\/Portal\/wp-json\/wp\/v2\/categories?post=213172"},{"taxonomy":"post_tag","embeddable":true,"href":"https:\/\/rnoticias.com.mx\/Portal\/wp-json\/wp\/v2\/tags?post=213172"}],"curies":[{"name":"wp","href":"https:\/\/api.w.org\/{rel}","templated":true}]}}