{"id":213169,"date":"2025-03-28T16:31:52","date_gmt":"2025-03-28T16:31:52","guid":{"rendered":"https:\/\/rnoticias.com.mx\/Portal\/?p=213169"},"modified":"2025-03-28T16:31:52","modified_gmt":"2025-03-28T16:31:52","slug":"un-94-de-menores-infractores-en-hermosillo-son-estudiantes","status":"publish","type":"post","link":"https:\/\/rnoticias.com.mx\/Portal\/2025\/03\/28\/un-94-de-menores-infractores-en-hermosillo-son-estudiantes\/","title":{"rendered":"Un 94% de menores Infractores en Hermosillo son estudiantes"},"content":{"rendered":"<p class=\"ei-articleBody__StyledText-sc-1wmd47a-1 gXgyFY body-paragraph ei-article-body-text\">HERMOSILLO, Sonora.-\u00a0<b>El 94% de los adolescentes que cometen faltas administrativas son estudiantes\u00a0<\/b>que probablemente est\u00e9n buscando un reconocimiento de las redes sociales, se\u00f1al\u00f3 Martha Flores Contreras al presentar la p\u00e1gina Web donde atender\u00e1n problemas contra adolescentes.<\/p>\n<blockquote class=\"ei-articleBodyBlockquote__BlockquoteContainer-sc-1cfj0bi-0 eTZUcF ei-blockquote-ctn\" cite=\"https:\/\/www.elimparcial.com\/son\/hermosillo\/2025\/03\/27\/un-94-de-menores-infractores-en-hermosillo-son-estudiantes\/\">\n<p class=\"secondary-font__SecondaryFontStyles-sc-xwub3d-0 jGKTtR\">Ante la novedad que tenemos de tantas ri\u00f1as y problemas actuales con adolescentes, les venimos a presentar la p\u00e1gina de Umpam donde podemos encontrar sus funciones, cu\u00e1les son sus departamentos, lo que tratamos y atendemos y tenemos un c\u00f3digo QR donde el ciudadano podr\u00e1 hacer su cita\u201d.<\/p>\n<\/blockquote>\n<p class=\"ei-articleBody__StyledText-sc-1wmd47a-1 gXgyFY body-paragraph ei-article-body-text\">La titular de la Unidad Municipal de Prevenci\u00f3n y Aplicaci\u00f3n de Medidas para Adolescentes\u00a0<b>(Umpam), inform\u00f3 que la mayor\u00eda de los menores detenidos son por andar bajo los influjos de drogas<\/b>, principalmente de mariguana, resistol y \u201ccristal\u201d y s\u00f3lo el 4% reincide.<\/p>\n<p class=\"ei-articleBody__StyledText-sc-1wmd47a-1 gXgyFY body-paragraph ei-article-body-text\">Indic\u00f3 que\u00a0<b>en marzo de este a\u00f1o suman 96 menores presentados ante barandilla de la Polic\u00eda Municipal\u00a0<\/b>contra 157 del mismo mes del 2024, por diferentes faltas, entre las que destacan: influjos de drogas, hacer sus necesidades fisiol\u00f3gicas, vandalizar y tener relaciones en la v\u00eda p\u00fablica, ri\u00f1as y todo lo contemplado en el Bando.<\/p>\n<div class=\"ei-recommendedCard__RecommendedCardContainer-sc-1walexe-0 iVyGSc ei-recommended-card-container\">\n<div class=\"ei-recommendedCard__RecommendedCardInfoContainer-sc-1walexe-3 ghXRyc ei-recommended-card-info-container\">\n<h3 class=\"ei-recommendedCard__RecommendedCardSectionText-sc-1walexe-4 cbrBDw ei-recommended-card-section-text\">Hermosillo<\/h3>\n<p class=\"ei-recommendedCard__RecommendedCardHeadlineText-sc-1walexe-6 fPjSbY ei-recommended-card-headline-text\">Capacitan a menores infractores de la Umpam en instalaciones el\u00e9ctricas<\/p>\n<\/div>\n<\/div>\n<blockquote class=\"ei-articleBodyBlockquote__BlockquoteContainer-sc-1cfj0bi-0 eTZUcF ei-blockquote-ctn\" cite=\"https:\/\/www.elimparcial.com\/son\/hermosillo\/2025\/03\/27\/un-94-de-menores-infractores-en-hermosillo-son-estudiantes\/\">\n<p class=\"secondary-font__SecondaryFontStyles-sc-xwub3d-0 jGKTtR\">Si nos ponemos a estudiar cada situaci\u00f3n vamos a encontrar esa necesidad de reconocimiento de las redes sociales, antecedente de violencia en el hogar, son diferentes factores. No descartamos que sea un reto, pero no contamos con elementos para se\u00f1alar que esa sea la situaci\u00f3n\u201d, apunt\u00f3.<\/p>\n<\/blockquote>\n<p class=\"ei-articleBody__StyledText-sc-1wmd47a-1 gXgyFY body-paragraph ei-article-body-text\">En lo que va del mes de marzo, asegur\u00f3, no han atendido ning\u00fan caso de ri\u00f1a (donde no se incluyen armas blancas y no hay lesiones) y el a\u00f1o pasado iban 33. La mayor\u00eda de los casos han sido por andar bajo los influjos de alguna droga,\u00a0<a title=\"https:\/\/www.elimparcial.com\/son\/hermosillo\/2025\/03\/26\/escuelas-del-norponiente-de-hermosillo-con-mas-incidentes-de-violencia-sec\/\" href=\"https:\/\/www.elimparcial.com\/son\/hermosillo\/2025\/03\/26\/escuelas-del-norponiente-de-hermosillo-con-mas-incidentes-de-violencia-sec\/\" target=\"_self\" rel=\"\">principalmente en el Norte y Norponiente de Hermosillo.<\/a><\/p>\n<p class=\"ei-articleBody__StyledText-sc-1wmd47a-1 gXgyFY body-paragraph ei-article-body-text\">Flores Contreras\u00a0<b>resalt\u00f3 que el objetivo de crear la p\u00e1gina Web de la Umpam<\/b>\u00a0es tener un acercamiento con la ciudadan\u00eda, que soliciten su cita para escuchar la problem\u00e1tica que enfrentan, aplicar medidas de seguimiento a los infractores que van desde servicio comunitario por 20 horas hasta proyectos de educaci\u00f3n, deportivo o adiestramiento en electricidad en el Cecati o canalizarlos a otro espacio, seg\u00fan sea el caso.<\/p>\n<h1 class=\"ei-articleBodyHeading__StyledHeading-sc-11axkf8-0 ksJtGZ ei-heading\">FIRMAN CONVENIO PARA CAPACITAR A MAESTROS CONTRA BULLYING Y VIOLENCIA<\/h1>\n<p class=\"ei-articleBody__StyledText-sc-1wmd47a-1 gXgyFY body-paragraph ei-article-body-text\"><b>Para erradicar la violencia en las escuelas<\/b>\u00a0y prevenir casos de bullying o acoso escolar, la\u00a0<b>Comisi\u00f3n Estatal de los Derechos Humanos y la Secretar\u00eda de Educaci\u00f3n y Cultura firmaron un convenio de colaboraci\u00f3n\u00a0<\/b>para capacitar a casi 5 mil miembros del\u00a0<a title=\"https:\/\/www.elimparcial.com\/son\/sonora\/2025\/03\/27\/cedh-y-sec-colaboran-para-erradicar-la-violencia-en-planteles-educativos-y-garantizar-la-seguridad-de-todos-los-ninos-ninas-y-jovenes-del-estado\/\" href=\"https:\/\/www.elimparcial.com\/son\/sonora\/2025\/03\/27\/cedh-y-sec-colaboran-para-erradicar-la-violencia-en-planteles-educativos-y-garantizar-la-seguridad-de-todos-los-ninos-ninas-y-jovenes-del-estado\/\" target=\"_self\" rel=\"\">personal educativo en Sonora<\/a>\u00a0en protocolos de acci\u00f3n que garanticen la seguridad de todos los ni\u00f1os y j\u00f3venes del estado.<\/p>\n<p class=\"ei-articleBody__StyledText-sc-1wmd47a-1 gXgyFY body-paragraph ei-article-body-text\">Froyl\u00e1n G\u00e1mez Gamboa,\u00a0<b>secretario de Educaci\u00f3n y Cultura en el estado, resalt\u00f3 que<\/b>\u00a0<b>este programa se aplicar\u00e1 en m\u00e1s de 4 mil 300 escuelas\u00a0<\/b>de educaci\u00f3n b\u00e1sica y capacitar\u00e1 a 4 mil 965 personas, entre maestros, jefaturas escolares y prefecturas, para que el pr\u00f3ximo ciclo escolar todos los planteles cuenten con personal preparado para prevenir y atender cualquier forma de violencia.<\/p>\n<blockquote class=\"ei-articleBodyBlockquote__BlockquoteContainer-sc-1cfj0bi-0 eTZUcF ei-blockquote-ctn\" cite=\"https:\/\/www.elimparcial.com\/son\/hermosillo\/2025\/03\/27\/un-94-de-menores-infractores-en-hermosillo-son-estudiantes\/\">\n<p class=\"secondary-font__SecondaryFontStyles-sc-xwub3d-0 jGKTtR\">Queremos que cada escuela sea un espacio donde todos los estudiantes puedan aprender y convivir sin miedo, sin exclusi\u00f3n, sin agresi\u00f3n, pero sabemos que en la realidad a veces no sucede\u201d, dijo.<\/p>\n<\/blockquote>\n<p class=\"ei-articleBody__StyledText-sc-1wmd47a-1 gXgyFY body-paragraph ei-article-body-text\">El curso est\u00e1 desarrollado por la Comisi\u00f3n Estatal de los Derechos Humanos, la Secretar\u00eda de Educaci\u00f3n y Cultura, la Subsecretar\u00eda de Educaci\u00f3n B\u00e1sica y otros organismos ciudadanos.<\/p>\n<p class=\"ei-articleBody__StyledText-sc-1wmd47a-1 gXgyFY body-paragraph ei-article-body-text\">Luis Fernando Renter\u00eda Barrag\u00e1n, presidente de la\u00a0<b>Comisi\u00f3n de los Derechos Humanos, expres\u00f3<\/b>\u00a0que este convenio no solo representa una uni\u00f3n en pro de la protecci\u00f3n de las infancias, sino tambi\u00e9n<b>\u00a0un precedente en la importancia de la protecci\u00f3n de los derechos humanos\u00a0<\/b>y la nueva forma en que va a trabajar la CEDH.<\/p>\n<p>&nbsp;<\/p>\n<p>El Imparcial<\/p>\n","protected":false},"excerpt":{"rendered":"<p>HERMOSILLO, Sonora.-\u00a0El 94% de los adolescentes que cometen faltas administrativas son estudiantes\u00a0que probablemente est\u00e9n buscando un reconocimiento de las redes sociales, se\u00f1al\u00f3 Martha Flores Contreras al presentar la p\u00e1gina Web donde atender\u00e1n problemas contra adolescentes. Ante la novedad que tenemos de tantas ri\u00f1as y problemas actuales con adolescentes, les venimos a presentar la p\u00e1gina de [&hellip;]<\/p>\n","protected":false},"author":2,"featured_media":213170,"comment_status":"closed","ping_status":"closed","sticky":false,"template":"","format":"standard","meta":{"footnotes":""},"categories":[12870,178],"tags":[12865,12869],"class_list":["post-213169","post","type-post","status-publish","format-standard","has-post-thumbnail","hentry","category-destacadas","category-local","tag-destacadas","tag-local"],"jetpack_featured_media_url":"https:\/\/rnoticias.com.mx\/Portal\/wp-content\/uploads\/2025\/03\/image-1.jpg","amp_enabled":true,"_links":{"self":[{"href":"https:\/\/rnoticias.com.mx\/Portal\/wp-json\/wp\/v2\/posts\/213169","targetHints":{"allow":["GET"]}}],"collection":[{"href":"https:\/\/rnoticias.com.mx\/Portal\/wp-json\/wp\/v2\/posts"}],"about":[{"href":"https:\/\/rnoticias.com.mx\/Portal\/wp-json\/wp\/v2\/types\/post"}],"author":[{"embeddable":true,"href":"https:\/\/rnoticias.com.mx\/Portal\/wp-json\/wp\/v2\/users\/2"}],"replies":[{"embeddable":true,"href":"https:\/\/rnoticias.com.mx\/Portal\/wp-json\/wp\/v2\/comments?post=213169"}],"version-history":[{"count":1,"href":"https:\/\/rnoticias.com.mx\/Portal\/wp-json\/wp\/v2\/posts\/213169\/revisions"}],"predecessor-version":[{"id":213171,"href":"https:\/\/rnoticias.com.mx\/Portal\/wp-json\/wp\/v2\/posts\/213169\/revisions\/213171"}],"wp:featuredmedia":[{"embeddable":true,"href":"https:\/\/rnoticias.com.mx\/Portal\/wp-json\/wp\/v2\/media\/213170"}],"wp:attachment":[{"href":"https:\/\/rnoticias.com.mx\/Portal\/wp-json\/wp\/v2\/media?parent=213169"}],"wp:term":[{"taxonomy":"category","embeddable":true,"href":"https:\/\/rnoticias.com.mx\/Portal\/wp-json\/wp\/v2\/categories?post=213169"},{"taxonomy":"post_tag","embeddable":true,"href":"https:\/\/rnoticias.com.mx\/Portal\/wp-json\/wp\/v2\/tags?post=213169"}],"curies":[{"name":"wp","href":"https:\/\/api.w.org\/{rel}","templated":true}]}}