{"id":213154,"date":"2025-03-28T16:13:52","date_gmt":"2025-03-28T16:13:52","guid":{"rendered":"https:\/\/rnoticias.com.mx\/Portal\/?p=213154"},"modified":"2025-03-28T16:13:52","modified_gmt":"2025-03-28T16:13:52","slug":"destaca-panorama-minero-de-sonora-en-reunion-de-secretarios-de-desarrollo-economico-de-los-estados-mineros","status":"publish","type":"post","link":"https:\/\/rnoticias.com.mx\/Portal\/2025\/03\/28\/destaca-panorama-minero-de-sonora-en-reunion-de-secretarios-de-desarrollo-economico-de-los-estados-mineros\/","title":{"rendered":"Destaca panorama minero de Sonora en Reuni\u00f3n de Secretarios de Desarrollo Econ\u00f3mico de los Estados Mineros"},"content":{"rendered":"<p>Ciudad de M\u00e9xico; 28 de marzo de 2025.- El Gobierno de Sonora, a trav\u00e9s de la Secretar\u00eda de Econom\u00eda y Turismo (Setur), present\u00f3 el panorama minero del estado en la reciente Reuni\u00f3n de Secretarios de Desarrollo Econ\u00f3mico de los Estados Mineros, organizada por la Asociaci\u00f3n de Ingenieros de Minas Metalurgistas y Ge\u00f3logos de M\u00e9xico (AIMMGM), en la Ciudad de M\u00e9xico.<\/p>\n<p>Este evento reuni\u00f3 a l\u00edderes del sector minero de todo el pa\u00eds, con el objetivo de fortalecer la colaboraci\u00f3n y la promoci\u00f3n de oportunidades de inversi\u00f3n en el sector, donde Sonora se destac\u00f3 por sus recursos naturales, su potencial geol\u00f3gico y su capacidad para contribuir significativamente a la industria minera mundial.<\/p>\n<p>El secretario de Econom\u00eda y Turismo de Sonora, Roberto Gradillas Pineda, expuso que la miner\u00eda es la segunda actividad econ\u00f3mica m\u00e1s importante de Sonora, despu\u00e9s de la industria manufacturera, y resalt\u00f3 que la miner\u00eda est\u00e1 presente en 70 de los 72 municipios del estado. En especial, en 28 de estos municipios, la miner\u00eda constituye la principal fuente de ingresos.<\/p>\n<p>&#8220;Como nos ha instruido el Gobernador Alfonso Durazo, en Sonora trabajamos para ser un gobierno facilitador que brinde apoyo constante a la inversi\u00f3n y los proyectos que generen desarrollo para nuestras comunidades. La miner\u00eda es fundamental para nuestra econom\u00eda, y seguiremos impulsando este sector de manera responsable y sostenible, en beneficio de todos los sonorenses&#8221;, expres\u00f3 Gradillas Pineda.<\/p>\n<p>Actualmente, Sonora representa el 33.81% de la producci\u00f3n minera de M\u00e9xico, convirti\u00e9ndose en el l\u00edder del sector a nivel nacional, con una contribuci\u00f3n clave al Producto Interno Bruto Estatal (PIBE), siendo la miner\u00eda responsable del 25% de la econom\u00eda del estado.<\/p>\n","protected":false},"excerpt":{"rendered":"<p>Ciudad de M\u00e9xico; 28 de marzo de 2025.- El Gobierno de Sonora, a trav\u00e9s de la Secretar\u00eda de Econom\u00eda y Turismo (Setur), present\u00f3 el panorama minero del estado en la reciente Reuni\u00f3n de Secretarios de Desarrollo Econ\u00f3mico de los Estados Mineros, organizada por la Asociaci\u00f3n de Ingenieros de Minas Metalurgistas y Ge\u00f3logos de M\u00e9xico (AIMMGM), [&hellip;]<\/p>\n","protected":false},"author":2,"featured_media":213155,"comment_status":"closed","ping_status":"closed","sticky":false,"template":"","format":"standard","meta":{"footnotes":""},"categories":[12870,178],"tags":[12865,12869],"class_list":["post-213154","post","type-post","status-publish","format-standard","has-post-thumbnail","hentry","category-destacadas","category-local","tag-destacadas","tag-local"],"jetpack_featured_media_url":"https:\/\/rnoticias.com.mx\/Portal\/wp-content\/uploads\/2025\/03\/unnamed-2-23.jpg","amp_enabled":true,"_links":{"self":[{"href":"https:\/\/rnoticias.com.mx\/Portal\/wp-json\/wp\/v2\/posts\/213154","targetHints":{"allow":["GET"]}}],"collection":[{"href":"https:\/\/rnoticias.com.mx\/Portal\/wp-json\/wp\/v2\/posts"}],"about":[{"href":"https:\/\/rnoticias.com.mx\/Portal\/wp-json\/wp\/v2\/types\/post"}],"author":[{"embeddable":true,"href":"https:\/\/rnoticias.com.mx\/Portal\/wp-json\/wp\/v2\/users\/2"}],"replies":[{"embeddable":true,"href":"https:\/\/rnoticias.com.mx\/Portal\/wp-json\/wp\/v2\/comments?post=213154"}],"version-history":[{"count":1,"href":"https:\/\/rnoticias.com.mx\/Portal\/wp-json\/wp\/v2\/posts\/213154\/revisions"}],"predecessor-version":[{"id":213156,"href":"https:\/\/rnoticias.com.mx\/Portal\/wp-json\/wp\/v2\/posts\/213154\/revisions\/213156"}],"wp:featuredmedia":[{"embeddable":true,"href":"https:\/\/rnoticias.com.mx\/Portal\/wp-json\/wp\/v2\/media\/213155"}],"wp:attachment":[{"href":"https:\/\/rnoticias.com.mx\/Portal\/wp-json\/wp\/v2\/media?parent=213154"}],"wp:term":[{"taxonomy":"category","embeddable":true,"href":"https:\/\/rnoticias.com.mx\/Portal\/wp-json\/wp\/v2\/categories?post=213154"},{"taxonomy":"post_tag","embeddable":true,"href":"https:\/\/rnoticias.com.mx\/Portal\/wp-json\/wp\/v2\/tags?post=213154"}],"curies":[{"name":"wp","href":"https:\/\/api.w.org\/{rel}","templated":true}]}}