{"id":213143,"date":"2025-03-28T03:16:15","date_gmt":"2025-03-28T03:16:15","guid":{"rendered":"https:\/\/rnoticias.com.mx\/Portal\/?p=213143"},"modified":"2025-03-28T03:16:15","modified_gmt":"2025-03-28T03:16:15","slug":"lleva-a-cabo-diputada-diana-karina-barreras-foro-por-un-futuro-familiarmente-sostenible","status":"publish","type":"post","link":"https:\/\/rnoticias.com.mx\/Portal\/2025\/03\/28\/lleva-a-cabo-diputada-diana-karina-barreras-foro-por-un-futuro-familiarmente-sostenible\/","title":{"rendered":"Lleva a cabo Diputada Diana Karina Barreras, foro \u201cPor un Futuro Familiarmente Sostenible\u201d"},"content":{"rendered":"<p>Ciudad de M\u00e9xico a 27 de marzo del 2025.- Con el objetivo de formar alianzas para que el presupuesto federal tenga una visi\u00f3n de familia, la Diputada Federal por Hermosillo, Diana Karina Barreras, realiz\u00f3 el foro \u201cPor un futuro familiarmente sostenible\u201d, en coordinaci\u00f3n con el Instituto de an\u00e1lisis de pol\u00edtica familiar (IAPF).<\/p>\n<p>El prop\u00f3sito es que cada Secretar\u00eda de Estado o dependencia tenga la obligaci\u00f3n de destinar un porcentaje de su presupuesto para las acciones que impacten directamente en las familias, o bien, que justifique c\u00f3mo cada peso gastado fortalece el bienestar familiar, para que, desde el gobierno a trav\u00e9s de cada una de sus posiciones se haga conciencia de esta necesidad y asuman la responsabilidad de generar entornos donde las familias puedan desarrollarse plenamente.<\/p>\n<p>Por tal motivo, en el pr\u00f3ximo mes de mayo cuando se celebre el d\u00eda de la familia, Barreras Samaniego, presentar\u00e1 la iniciativa de Ley para incluir la perspectiva familiar en la legislaci\u00f3n federal para trabajar a favor del fortalecimiento del tejido social desde su n\u00facleo m\u00e1s esencial, aclarando que esto no significa desplazar otros derechos.<\/p>\n<p>\u201cVamos a crear pol\u00edticas p\u00fablicas integrales en salud, educaci\u00f3n, vivienda y seguridad social con un enfoque familiar, adem\u00e1s de fomentar una cultura de solidaridad y corresponsabilidad, promoviendo valores que fortalezcan el bienestar colectivo, y asimismo en la protecci\u00f3n de los sectores m\u00e1s vulnerables dentro de las familias, como ni\u00f1as, ni\u00f1os, adolescentes, adultos mayores y personas con discapacidad\u201d, indic\u00f3 la Diputada federal.<\/p>\n<p>Diana Karina, tambi\u00e9n explic\u00f3 que, si se quiere un cambio real, no solo debe quedar en el discurso o en planes municipales, que las acciones se necesitan traducir en una visi\u00f3n de pol\u00edticas p\u00fablicas que tengan un impacto real en la vida de las familias y que una de las herramientas m\u00e1s poderosas para hacerlo es el presupuesto, es la medici\u00f3n con indicadores e impacto hacia las familias.<\/p>\n<p>COMPROMISO POR UN FUTURO FAMILIARMENTE SOSTENIBLE<\/p>\n<p>Entre las acciones se puede destacar el reconocer a la familia como un bien p\u00fablico y como un agente primordial para el desarrollo sostenible; trabajar por la sostenibilidad de las familias generando mejores condiciones de bienestar para su mayor funcionalidad, calidad de vida, por la erradicaci\u00f3n de la pobreza econ\u00f3mica.<\/p>\n<p>Adem\u00e1s del impulso de las pol\u00edticas p\u00fablicas orientadas a la familia para cumplir con los Objetivos del Desarrollo Sostenible de la Agenda 2030, responder a los Objetivos del A\u00f1o Internacional de la Familia propuestos por el Departamento de Asuntos Econ\u00f3micos y Sociales de la Organizaci\u00f3n de las Naciones Unidas (ONU).<\/p>\n<p>Aunado a lo anterior tambi\u00e9n se busca promover la colaboraci\u00f3n del sector gubernamental, acad\u00e9mico, legislativo, empresarial y de la sociedad civil organizada para impulsar un ecosistema amigable para la familia e implementar diagn\u00f3sticos, capacitaciones, reglamentos, pol\u00edticas, programas y toda acci\u00f3n orientada al cumplimiento de este compromiso desde un enfoque de acci\u00f3n local.<\/p>\n","protected":false},"excerpt":{"rendered":"<p>Ciudad de M\u00e9xico a 27 de marzo del 2025.- Con el objetivo de formar alianzas para que el presupuesto federal tenga una visi\u00f3n de familia, la Diputada Federal por Hermosillo, Diana Karina Barreras, realiz\u00f3 el foro \u201cPor un futuro familiarmente sostenible\u201d, en coordinaci\u00f3n con el Instituto de an\u00e1lisis de pol\u00edtica familiar (IAPF). El prop\u00f3sito es [&hellip;]<\/p>\n","protected":false},"author":2,"featured_media":213144,"comment_status":"closed","ping_status":"closed","sticky":false,"template":"","format":"standard","meta":{"footnotes":""},"categories":[12870,178],"tags":[12865,12869],"class_list":["post-213143","post","type-post","status-publish","format-standard","has-post-thumbnail","hentry","category-destacadas","category-local","tag-destacadas","tag-local"],"jetpack_featured_media_url":"https:\/\/rnoticias.com.mx\/Portal\/wp-content\/uploads\/2025\/03\/1ecb1a21-a2e0-44ca-b5a5-c2bc3858db59.jpg","amp_enabled":true,"_links":{"self":[{"href":"https:\/\/rnoticias.com.mx\/Portal\/wp-json\/wp\/v2\/posts\/213143","targetHints":{"allow":["GET"]}}],"collection":[{"href":"https:\/\/rnoticias.com.mx\/Portal\/wp-json\/wp\/v2\/posts"}],"about":[{"href":"https:\/\/rnoticias.com.mx\/Portal\/wp-json\/wp\/v2\/types\/post"}],"author":[{"embeddable":true,"href":"https:\/\/rnoticias.com.mx\/Portal\/wp-json\/wp\/v2\/users\/2"}],"replies":[{"embeddable":true,"href":"https:\/\/rnoticias.com.mx\/Portal\/wp-json\/wp\/v2\/comments?post=213143"}],"version-history":[{"count":1,"href":"https:\/\/rnoticias.com.mx\/Portal\/wp-json\/wp\/v2\/posts\/213143\/revisions"}],"predecessor-version":[{"id":213145,"href":"https:\/\/rnoticias.com.mx\/Portal\/wp-json\/wp\/v2\/posts\/213143\/revisions\/213145"}],"wp:featuredmedia":[{"embeddable":true,"href":"https:\/\/rnoticias.com.mx\/Portal\/wp-json\/wp\/v2\/media\/213144"}],"wp:attachment":[{"href":"https:\/\/rnoticias.com.mx\/Portal\/wp-json\/wp\/v2\/media?parent=213143"}],"wp:term":[{"taxonomy":"category","embeddable":true,"href":"https:\/\/rnoticias.com.mx\/Portal\/wp-json\/wp\/v2\/categories?post=213143"},{"taxonomy":"post_tag","embeddable":true,"href":"https:\/\/rnoticias.com.mx\/Portal\/wp-json\/wp\/v2\/tags?post=213143"}],"curies":[{"name":"wp","href":"https:\/\/api.w.org\/{rel}","templated":true}]}}