{"id":213140,"date":"2025-03-28T03:15:44","date_gmt":"2025-03-28T03:15:44","guid":{"rendered":"https:\/\/rnoticias.com.mx\/Portal\/?p=213140"},"modified":"2025-03-28T03:15:44","modified_gmt":"2025-03-28T03:15:44","slug":"encabezan-senadores-de-la-republica-trabajos-hacia-segunda-audiencia-publica-en-sonora","status":"publish","type":"post","link":"https:\/\/rnoticias.com.mx\/Portal\/2025\/03\/28\/encabezan-senadores-de-la-republica-trabajos-hacia-segunda-audiencia-publica-en-sonora\/","title":{"rendered":"Encabezan Senadores de la Rep\u00fablica trabajos hacia Segunda Audiencia P\u00fablica en Sonora"},"content":{"rendered":"<p>Hermosillo, Sonora, 27 de marzo de 2025.- Integrantes de la Comisi\u00f3n de Asuntos de la Frontera Norte del Senado sostuvieron una reuni\u00f3n de trabajo con el gobernador de Sonora, Alfonso Durazo, como parte de los trabajos previos hacia la Segunda Audiencia P\u00fablica del Senado con las y los ciudadanos que habitan en la zona fronteriza, con el objetivo de atender sus preocupaciones y legislar con mayor sensibilidad.<\/p>\n<p>El senador Heriberto Aguilar Castillo, anfitri\u00f3n de este evento, explic\u00f3 que esta audiencia ser\u00e1 muy provechosa: \u201cHaremos un ejercicio de di\u00e1logo circular. Tendremos la oportunidad de informar, escuchar y recoger el sentir de los sectores sociales, econ\u00f3micos y productivos de la regi\u00f3n fronteriza\u201d, expres\u00f3.<\/p>\n<p>El legislador sonorense aprovech\u00f3 para reconocer la visi\u00f3n del gobernador Alfonso Durazo: \u201cHa tenido una visi\u00f3n integral y estrat\u00e9gica para el desarrollo del estado, situando a Sonora en las mejores condiciones para potenciar su crecimiento como estado fronterizo.\u201d<\/p>\n<p>Una muestra de ello, dijo, es la megarregi\u00f3n Sonora\u2013Arizona, un modelo de colaboraci\u00f3n binacional donde se han construido puentes que generan desarrollo, empleo, turismo y bienestar a ambos lados de la frontera.<\/p>\n<p>El Plan Anual de Trabajo de la Comisi\u00f3n de Asuntos de la Frontera Norte, a propuesta del senador presidente Juan Carlos Loera, establece que se recorrer\u00e1n los seis estados fronterizos para dialogar con el pueblo que vive en esta zona.<\/p>\n<p>Durante su participaci\u00f3n, la senadora migrante Karina Ruiz record\u00f3 que Sonora fue el \u00faltimo lugar que pis\u00f3 antes de cruzar hacia Estados Unidos hace 25 a\u00f1os, y destac\u00f3 el prop\u00f3sito de las audiencias p\u00fablicas \u201cEscuchar de viva voz a la gente para convertir esas voces en leyes. Ah\u00ed es m\u00e1s importante tener la cabeza fr\u00eda, no buscar la confrontaci\u00f3n, buscar el di\u00e1logo sin descuidar la soberan\u00eda nacional.\u201d<\/p>\n<p>Por su parte, el senador Armando Ayala Robles, de Baja California y presidente de la Comisi\u00f3n de Recursos H\u00eddricos, se\u00f1al\u00f3 que durante la reuni\u00f3n con el gobernador Durazo se abordaron temas de desarrollo econ\u00f3mico y el fortalecimiento de los m\u00e1s de tres mil kil\u00f3metros de frontera \u201cTraemos, junto al gobernador y a la presidenta, m\u00e1s de 12 mil millones de pesos para obras hidr\u00e1ulicas que garanticen el abasto de agua en Sonora.\u201d<\/p>\n<p>El senador Homero Davis, de Baja California Sur, expres\u00f3 su entusiasmo por trabajar en territorio sonorense: \u201cEstamos aqu\u00ed con gusto, aplicando la m\u00e1xima de m\u00e1s territorio y menos escritorio. Venimos a ayudar y colaborar con nuestros compa\u00f1eros senadores de Sonora en temas de migraci\u00f3n, salud e inversi\u00f3n.\u201d<\/p>\n<p>Finalmente, la senadora Lorenia Valles Sampedro, tambi\u00e9n por Sonora, subray\u00f3 que el estado tiene una din\u00e1mica propia que todos comprenden: \u201cEs necesario estrechar lazos y v\u00ednculos con nuestros vecinos del norte, para beneficio de ambas regiones.\u201d<\/p>\n<p>Ma\u00f1ana, las y los senadores recorrer\u00e1n un albergue migrante y, posteriormente, celebrar\u00e1n una sesi\u00f3n de trabajo con distintos sectores en Nogales, Sonora.<\/p>\n","protected":false},"excerpt":{"rendered":"<p>Hermosillo, Sonora, 27 de marzo de 2025.- Integrantes de la Comisi\u00f3n de Asuntos de la Frontera Norte del Senado sostuvieron una reuni\u00f3n de trabajo con el gobernador de Sonora, Alfonso Durazo, como parte de los trabajos previos hacia la Segunda Audiencia P\u00fablica del Senado con las y los ciudadanos que habitan en la zona fronteriza, [&hellip;]<\/p>\n","protected":false},"author":2,"featured_media":213141,"comment_status":"closed","ping_status":"closed","sticky":false,"template":"","format":"standard","meta":{"footnotes":""},"categories":[12870,178],"tags":[12865,12869],"class_list":["post-213140","post","type-post","status-publish","format-standard","has-post-thumbnail","hentry","category-destacadas","category-local","tag-destacadas","tag-local"],"jetpack_featured_media_url":"https:\/\/rnoticias.com.mx\/Portal\/wp-content\/uploads\/2025\/03\/679faa63-e303-47cf-a58a-1069dbc6ed6d.jpg","amp_enabled":true,"_links":{"self":[{"href":"https:\/\/rnoticias.com.mx\/Portal\/wp-json\/wp\/v2\/posts\/213140","targetHints":{"allow":["GET"]}}],"collection":[{"href":"https:\/\/rnoticias.com.mx\/Portal\/wp-json\/wp\/v2\/posts"}],"about":[{"href":"https:\/\/rnoticias.com.mx\/Portal\/wp-json\/wp\/v2\/types\/post"}],"author":[{"embeddable":true,"href":"https:\/\/rnoticias.com.mx\/Portal\/wp-json\/wp\/v2\/users\/2"}],"replies":[{"embeddable":true,"href":"https:\/\/rnoticias.com.mx\/Portal\/wp-json\/wp\/v2\/comments?post=213140"}],"version-history":[{"count":1,"href":"https:\/\/rnoticias.com.mx\/Portal\/wp-json\/wp\/v2\/posts\/213140\/revisions"}],"predecessor-version":[{"id":213142,"href":"https:\/\/rnoticias.com.mx\/Portal\/wp-json\/wp\/v2\/posts\/213140\/revisions\/213142"}],"wp:featuredmedia":[{"embeddable":true,"href":"https:\/\/rnoticias.com.mx\/Portal\/wp-json\/wp\/v2\/media\/213141"}],"wp:attachment":[{"href":"https:\/\/rnoticias.com.mx\/Portal\/wp-json\/wp\/v2\/media?parent=213140"}],"wp:term":[{"taxonomy":"category","embeddable":true,"href":"https:\/\/rnoticias.com.mx\/Portal\/wp-json\/wp\/v2\/categories?post=213140"},{"taxonomy":"post_tag","embeddable":true,"href":"https:\/\/rnoticias.com.mx\/Portal\/wp-json\/wp\/v2\/tags?post=213140"}],"curies":[{"name":"wp","href":"https:\/\/api.w.org\/{rel}","templated":true}]}}