{"id":213113,"date":"2025-03-28T01:33:59","date_gmt":"2025-03-28T01:33:59","guid":{"rendered":"https:\/\/rnoticias.com.mx\/Portal\/?p=213113"},"modified":"2025-03-28T01:33:59","modified_gmt":"2025-03-28T01:33:59","slug":"organiza-iee-sonora-primer-foro-nacional-intercambio-de-ideas-de-cara-a-las-elecciones-judiciales-2025","status":"publish","type":"post","link":"https:\/\/rnoticias.com.mx\/Portal\/2025\/03\/28\/organiza-iee-sonora-primer-foro-nacional-intercambio-de-ideas-de-cara-a-las-elecciones-judiciales-2025\/","title":{"rendered":"Organiza IEE Sonora primer foro nacional \u201cIntercambio de ideas: de cara a las Elecciones Judiciales 2025\u201d."},"content":{"rendered":"<p style=\"font-weight: 400;\">Con el objetivo de generar un espacio de di\u00e1logo y an\u00e1lisis sobre los desaf\u00edos y oportunidades del Proceso Electoral Extraordinario, el Instituto Estatal Electoral y de Participaci\u00f3n Ciudadana (IEE Sonora), inaugur\u00f3 el foro \u201cIntercambio de ideas: de cara a las elecciones judiciales\u201d.<\/p>\n<p style=\"font-weight: 400;\">\n<p style=\"font-weight: 400;\">Este evento se destaca por la presencia de consejeras y consejeros electorales de \u00a0Organismos P\u00fablicos Electorales Locales de 24 entidades del pa\u00eds, que compartieron sus reflexiones en cuatro paneles.<\/p>\n<p style=\"font-weight: 400;\">Durante la inauguraci\u00f3n, el consejero presidente del IEE Sonora, Nery Ruiz Arvizu, mencion\u00f3 la importancia de generar estos encuentros para fortalecer la democracia y garantizar procesos electorales transparentes e incluyentes. \u201cEste espacio no solo representa un encuentro formal, sino una oportunidad invaluable para reflexionar temas de la pr\u00f3xima jornada electoral que marcar\u00e1 el rumbo de nuestro sistema judicial en los pr\u00f3ximo a\u00f1os\u201d, subray\u00f3.<\/p>\n<p style=\"font-weight: 400;\">El consejero presidente destac\u00f3 que las elecciones judiciales representan un desaf\u00edo para el sistema democr\u00e1tico del pa\u00eds y que es fundamental que la ciudadan\u00eda se involucre y que los \u00f3rganos electorales trabajen en conjunto para garantizar la legitimidad de estos procesos, \u201cla participaci\u00f3n ciudadana es una piedra angular de cualquier proceso democr\u00e1tico\u201d.&lt;<\/p>\n<p style=\"font-weight: 400;\">El programa contempla cuatro paneles, los cuales fueron presentados por la consejera electoral, Alma Lorena Alonso Valdivia, quien destac\u00f3 la importancia de estos foros, al ser clave para construir un proceso m\u00e1s equitativo, con perspectiva de g\u00e9nero y en el que las y los sonorenses tengan un papel central.<\/p>\n<p style=\"font-weight: 400;\">El foro inici\u00f3 con el panel \u201cParticipaci\u00f3n pol\u00edtica de las mujeres en las Elecciones Judiciales\u201d, moderado por la consejera electoral del Instituto Electoral de Quer\u00e9taro, Karla Isabel Olvera Moreno, con la participaci\u00f3n de las consejeras Karla Patricia Sol\u00eds Dibildox y Graciela D\u00edaz V\u00e1squez, de San Luis Potos\u00ed; Sof\u00eda Mart\u00ednez de Castro Le\u00f3n, de Chiapas; y Vera Ju\u00e1rez Figueroa, de Baja California. Durante la conversaci\u00f3n, las panelistas analizaron los avances y desaf\u00edos de la participaci\u00f3n femenina en los procesos de selecci\u00f3n del Poder Judicial, destacando la importancia de garantizar la representaci\u00f3n de las mujeres en estos espacios de toma de decisiones.<\/p>\n<p style=\"font-weight: 400;\">El segundo panel, titulado \u201cLa prevenci\u00f3n de la violencia pol\u00edtica contra las mujeres en raz\u00f3n de g\u00e9nero\u201d, fue moderado por la consejera electoral Helena Margarita Jim\u00e9nez, de Chiapas, con la participaci\u00f3n de las consejeras Zoad Jeanine Garc\u00eda Gonz\u00e1lez, de Jalisco; Jessica Jazibe Hern\u00e1ndez, de Oaxaca; Madeleyne Ivett Figueroa G\u00e1mez, de Coahuila; y Gloria Esther Mendoza Ledesma, de Chiapas. En este espacio, se discutieron los desaf\u00edos que enfrentan las mujeres en la pol\u00edtica y en la elecci\u00f3n judicial, as\u00ed como las estrategias necesarias para erradicar la violencia pol\u00edtica de g\u00e9nero y garantizar una participaci\u00f3n libre y efectiva.<\/p>\n<p style=\"font-weight: 400;\">El tercer panel del d\u00eda abord\u00f3 el tema \u201cParticipaci\u00f3n Ciudadana en el Proceso de Elecci\u00f3n del Poder Judicial\u201d. La moderaci\u00f3n estuvo a cargo de la consejera Fryda Libertad Licano Ram\u00edrez, de Chihuahua, y participaron las consejeras Perla Marisol Guti\u00e9rrez Canizalez, de Baja California Sur, as\u00ed como los consejeros Alfredo Alcal\u00e1 Monta\u00f1o, de Hidalgo; Luis Eduardo Guti\u00e9rrez Ruiz, de Chihuahua; Abel Alfredo Mu\u00f1oz Pedraza, de Baja California; y Benjam\u00edn Hern\u00e1ndez Avalos, de Sonora. Los participantes reflexionaron sobre el papel de la ciudadan\u00eda en la elecci\u00f3n del Poder Judicial, la importancia de que el proceso sea accesible y transparente, y los mecanismos que pueden implementarse para fortalecer la confianza de la sociedad en estas elecciones.<\/p>\n<p style=\"font-weight: 400;\">El \u00faltimo panel de la jornada llev\u00f3 por t\u00edtulo \u201cElecci\u00f3n Judicial: Retos y Oportunidades en su Implementaci\u00f3n\u201d y fue moderado por el consejero presidente del Instituto Electoral de Coahuila, \u00d3scar Daniel Rodr\u00edguez Fuentes. En la conversaci\u00f3n participaron las consejeras July Erika Armenta Paulino, del Estado de M\u00e9xico, y Deborah Gonz\u00e1lez D\u00edaz, de Tamaulipas; as\u00ed como los consejeros Hern\u00e1n Gonz\u00e1lez Sala, de Tabasco; Jos\u00e9 Omar Ortega Soria, de Durango; y Ricardo Zenteno Fern\u00e1ndez, de Chihuahua. En este espacio se discutieron los principales desaf\u00edos log\u00edsticos y estructurales que implica la organizaci\u00f3n de elecciones judiciales en M\u00e9xico, adem\u00e1s de las oportunidades para mejorar su implementaci\u00f3n y fortalecer la confianza de la ciudadan\u00eda en estos procesos.<\/p>\n<p style=\"font-weight: 400;\">Con estas charlas concluy\u00f3 el primer d\u00eda del foro, en la que se reflexion\u00f3 sobre la participaci\u00f3n ciudadana en la elecci\u00f3n del Poder Judicial, la prevenci\u00f3n de la violencia pol\u00edtica de g\u00e9nero y los retos que implica este proceso en M\u00e9xico.<\/p>\n<p style=\"font-weight: 400;\">En el foro estuvieron presentes las consejeras Linda Viridiana Alonso Valdivia; Flor Terecita Barcel\u00f3 Noriega; los consejeros Benjam\u00edn Hern\u00e1ndez Avalos; Wilfredo Rom\u00e1n Morales Silva, Jaime Olea Miranda y el secretario ejecutivo, Fernando Chapetti Siordia. Tambi\u00e9n la vocal ejecutiva de la Junta Local del INE, Ver\u00f3nica Sandoval Casta\u00f1eda; y Patricia Lorenzo Paniagua, ex titular del pleno de la Junta Central Electoral de Rep\u00fablica Dominicana; Arlene Cabral Porchas, coordinadora de Asuntos Internacionales del INE; Fernanda Romo Gaxiola directora de Procedimientos de Remoci\u00f3n de Consejeros de OPLES y de VPMRG; Mireya Scarone Adarga, asesora de la oficina de presidencia del Consejo General del INE.<\/p>\n<p style=\"font-weight: 400;\">Para la segunda jornada del evento, se tiene prevista la presentaci\u00f3n de la revista\u00a0<em>Ciudadan\u00eda Sonora<\/em>, publicaci\u00f3n del IEE Sonora dedicada a la difusi\u00f3n de temas de democracia y participaci\u00f3n ciudadana. Posteriormente, se llevar\u00e1 a cabo la conferencia magistral \u201cLa participaci\u00f3n pol\u00edtica de las mujeres en Am\u00e9rica Latina\u201d, impartida por Patricia Lorenzo Paniagua, ex titular de la Junta Central Electoral de Rep\u00fablica Dominicana, quien expondr\u00e1 los avances, desaf\u00edos y experiencias en la regi\u00f3n en torno a la inclusi\u00f3n de las mujeres en la vida pol\u00edtica.<\/p>\n<p style=\"font-weight: 400;\">El foro contin\u00faa este viernes 28 de marzo en las instalaciones del hotel Royal Palace, y ser\u00e1 transmitido en vivo a trav\u00e9s de las plataformas digitales del instituto.<\/p>\n","protected":false},"excerpt":{"rendered":"<p>Con el objetivo de generar un espacio de di\u00e1logo y an\u00e1lisis sobre los desaf\u00edos y oportunidades del Proceso Electoral Extraordinario, el Instituto Estatal Electoral y de Participaci\u00f3n Ciudadana (IEE Sonora), inaugur\u00f3 el foro \u201cIntercambio de ideas: de cara a las elecciones judiciales\u201d. Este evento se destaca por la presencia de consejeras y consejeros electorales de [&hellip;]<\/p>\n","protected":false},"author":2,"featured_media":213114,"comment_status":"closed","ping_status":"closed","sticky":false,"template":"","format":"standard","meta":{"footnotes":""},"categories":[12870,178],"tags":[12865,12869],"class_list":["post-213113","post","type-post","status-publish","format-standard","has-post-thumbnail","hentry","category-destacadas","category-local","tag-destacadas","tag-local"],"jetpack_featured_media_url":"https:\/\/rnoticias.com.mx\/Portal\/wp-content\/uploads\/2025\/03\/Foro-Nacional-2.jpeg","amp_enabled":true,"_links":{"self":[{"href":"https:\/\/rnoticias.com.mx\/Portal\/wp-json\/wp\/v2\/posts\/213113","targetHints":{"allow":["GET"]}}],"collection":[{"href":"https:\/\/rnoticias.com.mx\/Portal\/wp-json\/wp\/v2\/posts"}],"about":[{"href":"https:\/\/rnoticias.com.mx\/Portal\/wp-json\/wp\/v2\/types\/post"}],"author":[{"embeddable":true,"href":"https:\/\/rnoticias.com.mx\/Portal\/wp-json\/wp\/v2\/users\/2"}],"replies":[{"embeddable":true,"href":"https:\/\/rnoticias.com.mx\/Portal\/wp-json\/wp\/v2\/comments?post=213113"}],"version-history":[{"count":1,"href":"https:\/\/rnoticias.com.mx\/Portal\/wp-json\/wp\/v2\/posts\/213113\/revisions"}],"predecessor-version":[{"id":213115,"href":"https:\/\/rnoticias.com.mx\/Portal\/wp-json\/wp\/v2\/posts\/213113\/revisions\/213115"}],"wp:featuredmedia":[{"embeddable":true,"href":"https:\/\/rnoticias.com.mx\/Portal\/wp-json\/wp\/v2\/media\/213114"}],"wp:attachment":[{"href":"https:\/\/rnoticias.com.mx\/Portal\/wp-json\/wp\/v2\/media?parent=213113"}],"wp:term":[{"taxonomy":"category","embeddable":true,"href":"https:\/\/rnoticias.com.mx\/Portal\/wp-json\/wp\/v2\/categories?post=213113"},{"taxonomy":"post_tag","embeddable":true,"href":"https:\/\/rnoticias.com.mx\/Portal\/wp-json\/wp\/v2\/tags?post=213113"}],"curies":[{"name":"wp","href":"https:\/\/api.w.org\/{rel}","templated":true}]}}