{"id":213101,"date":"2025-03-28T00:32:25","date_gmt":"2025-03-28T00:32:25","guid":{"rendered":"https:\/\/rnoticias.com.mx\/Portal\/?p=213101"},"modified":"2025-03-28T00:32:25","modified_gmt":"2025-03-28T00:32:25","slug":"canada-prepara-represalias-comerciales-a-los-aranceles-de-trump-sobre-los-autos","status":"publish","type":"post","link":"https:\/\/rnoticias.com.mx\/Portal\/2025\/03\/28\/canada-prepara-represalias-comerciales-a-los-aranceles-de-trump-sobre-los-autos\/","title":{"rendered":"Canad\u00e1 prepara represalias comerciales a los aranceles de Trump sobre los autos"},"content":{"rendered":"<p>Este jueves 27 de marzo, el\u00a0<strong>primer ministro canadiense, Mark Carney<\/strong>, declar\u00f3 que\u00a0<mark><strong>Canad\u00e1 &#8220;luchar\u00e1&#8221; contra los aranceles contra el sector del autom\u00f3vil decididos unilateralmente por la Administraci\u00f3n del presidente estadounidense, Donald Trump<\/strong><\/mark>. De hecho, amenaz\u00f3 de adoptar\u00a0<mark><strong>represalias comerciales<\/strong><\/mark>\u00a0que tendr\u00edan un &#8220;<strong>m\u00e1ximo impacto<\/strong>&#8221; en la econom\u00eda de su vecino, Estados Unidos.<\/p>\n<p>Seg\u00fan las revelaciones de Carney, el\u00a0<strong>presidente de Estados Unidos<\/strong>, lo\u00a0<mark><strong>contact\u00f3 en la noche del mi\u00e9rcoles para mantener una conversaci\u00f3n<\/strong><\/mark>\u00a0y que aprovechar\u00e1 el di\u00e1logo para se\u00f1alar que el \u00fanico camino es &#8220;<mark><strong>la cooperaci\u00f3n y el respeto mutuo<\/strong><\/mark>&#8220;.<\/p>\n<p>Para\u00a0<strong>discutir de los aranceles anunciados<\/strong>\u00a0el mi\u00e9rcoles, el primer ministro y su gabinete se reunieron en Ottawa y durante la\u00a0<strong>rueda de prensa<\/strong>\u00a0que sigui\u00f3 la reuni\u00f3n, el l\u00edder canadiense especific\u00f3 que\u00a0<mark><strong>la conversaci\u00f3n con Trump se realizar\u00e1 &#8220;pronto&#8221;<\/strong><\/mark>, en las pr\u00f3ximas 24 o 48 horas.<\/p>\n<p><strong>Mark Carney<\/strong>\u00a0explic\u00f3 que &#8220;<mark><strong>rechaz\u00f3 cualquier intento de debilitar a Canad\u00e1<\/strong><\/mark>, de agotarnos, de rompernos para que Estados Unidos se conviertan en nuestros due\u00f1os. Eso\u00a0<mark><strong>nunca pasar\u00e1<\/strong><\/mark>. Nuestra respuesta a estos aranceles es\u00a0<mark><strong>luchar, proteger y construir<\/strong><\/mark>. Lucharemos los aranceles con\u00a0<mark><strong>medidas comerciales de represalia<\/strong><\/mark>\u00a0que tendr\u00e1n el m\u00e1ximo impacto en los Estados Unidos&#8221;.<\/p>\n<p>El primer ministro canadiense tambi\u00e9n dijo que\u00a0<strong>Estados Unidos ha dejado de ser &#8220;un socio fiable&#8221;<\/strong>\u00a0por lo que, en el futuro,\u00a0<strong>Canad\u00e1 plantear\u00e1 una &#8220;amplia renegociaci\u00f3n&#8221; de todas sus relaciones con el pa\u00eds vecino<\/strong>\u00a0para\u00a0<mark><strong>cortar dram\u00e1ticamente su dependencia<\/strong><\/mark>.<\/p>\n<p>&#8220;Construiremos un\u00a0<strong>futuro independiente<\/strong>\u00a0para nuestro pa\u00eds m\u00e1s s\u00f3lido que nunca&#8221;, dijo, y a\u00f1adi\u00f3 que Canad\u00e1 tendr\u00e1 que\u00a0<mark><strong>reestructurar su econom\u00eda<\/strong><\/mark>, que\u00a0<mark><strong>hasta ahora depende del comercio con Estados Unidos<\/strong><\/mark>, porque la relaci\u00f3n que ha mantenido durante d\u00e9cadas &#8220;se ha acabado&#8221;.<\/p>\n<p>&#8220;La\u00a0<strong>vieja relaci\u00f3n\u00a0<\/strong>que ten\u00edamos con Estados Unidos basada en la\u00a0<mark><strong>profundizaci\u00f3n de la integraci\u00f3n de nuestras econom\u00edas, seguridad y cooperaci\u00f3n militar se ha acabado<\/strong><\/mark>. No es claro lo pr\u00f3ximo que Estados Unidos har\u00e1. Pero lo que es evidente es que los\u00a0<mark><strong>canadienses podemos controlar nuestro destino<\/strong><\/mark>&#8220;, anunci\u00f3.<\/p>\n<p>Tambi\u00e9n\u00a0<mark><strong>rechaz\u00f3 la amenaza que Trump<\/strong><\/mark>\u00a0lanz\u00f3 en la noche del mi\u00e9rcoles si\u00a0<strong>Canad\u00e1 y la Uni\u00f3n Europea (UE) cooperan para combatir los aranceles<\/strong>.<\/p>\n<p>&#8220;Somos una\u00a0<strong>naci\u00f3n soberana<\/strong>. Tomaremos nuestras propias decisiones&#8221;, dijo para a\u00f1adir posteriormente: &#8220;<mark><strong>Elegimos nuestros propios aliados, c\u00f3mo nos relacionamos con esos aliados<\/strong><\/mark>. As\u00ed que tomo nota del comentario del presidente, pero no lo sigo como una directriz&#8221;.<\/p>\n","protected":false},"excerpt":{"rendered":"<p>Este jueves 27 de marzo, el\u00a0primer ministro canadiense, Mark Carney, declar\u00f3 que\u00a0Canad\u00e1 &#8220;luchar\u00e1&#8221; contra los aranceles contra el sector del autom\u00f3vil decididos unilateralmente por la Administraci\u00f3n del presidente estadounidense, Donald Trump. De hecho, amenaz\u00f3 de adoptar\u00a0represalias comerciales\u00a0que tendr\u00edan un &#8220;m\u00e1ximo impacto&#8221; en la econom\u00eda de su vecino, Estados Unidos. Seg\u00fan las revelaciones de Carney, el\u00a0presidente [&hellip;]<\/p>\n","protected":false},"author":2,"featured_media":213102,"comment_status":"closed","ping_status":"closed","sticky":false,"template":"","format":"standard","meta":{"footnotes":""},"categories":[12870,182],"tags":[12865,12871],"class_list":["post-213101","post","type-post","status-publish","format-standard","has-post-thumbnail","hentry","category-destacadas","category-internacional","tag-destacadas","tag-internacional"],"jetpack_featured_media_url":"https:\/\/rnoticias.com.mx\/Portal\/wp-content\/uploads\/2025\/03\/large_canada_advierte_que_aranceles_de_trump_causaran_guerra_comercial_bf7d7953b1.webp","amp_enabled":true,"_links":{"self":[{"href":"https:\/\/rnoticias.com.mx\/Portal\/wp-json\/wp\/v2\/posts\/213101","targetHints":{"allow":["GET"]}}],"collection":[{"href":"https:\/\/rnoticias.com.mx\/Portal\/wp-json\/wp\/v2\/posts"}],"about":[{"href":"https:\/\/rnoticias.com.mx\/Portal\/wp-json\/wp\/v2\/types\/post"}],"author":[{"embeddable":true,"href":"https:\/\/rnoticias.com.mx\/Portal\/wp-json\/wp\/v2\/users\/2"}],"replies":[{"embeddable":true,"href":"https:\/\/rnoticias.com.mx\/Portal\/wp-json\/wp\/v2\/comments?post=213101"}],"version-history":[{"count":1,"href":"https:\/\/rnoticias.com.mx\/Portal\/wp-json\/wp\/v2\/posts\/213101\/revisions"}],"predecessor-version":[{"id":213103,"href":"https:\/\/rnoticias.com.mx\/Portal\/wp-json\/wp\/v2\/posts\/213101\/revisions\/213103"}],"wp:featuredmedia":[{"embeddable":true,"href":"https:\/\/rnoticias.com.mx\/Portal\/wp-json\/wp\/v2\/media\/213102"}],"wp:attachment":[{"href":"https:\/\/rnoticias.com.mx\/Portal\/wp-json\/wp\/v2\/media?parent=213101"}],"wp:term":[{"taxonomy":"category","embeddable":true,"href":"https:\/\/rnoticias.com.mx\/Portal\/wp-json\/wp\/v2\/categories?post=213101"},{"taxonomy":"post_tag","embeddable":true,"href":"https:\/\/rnoticias.com.mx\/Portal\/wp-json\/wp\/v2\/tags?post=213101"}],"curies":[{"name":"wp","href":"https:\/\/api.w.org\/{rel}","templated":true}]}}