{"id":213098,"date":"2025-03-28T00:30:43","date_gmt":"2025-03-28T00:30:43","guid":{"rendered":"https:\/\/rnoticias.com.mx\/Portal\/?p=213098"},"modified":"2025-03-28T00:30:43","modified_gmt":"2025-03-28T00:30:43","slug":"hugo-sanchez-se-lanza-contra-gignac-callate-la-boquita","status":"publish","type":"post","link":"https:\/\/rnoticias.com.mx\/Portal\/2025\/03\/28\/hugo-sanchez-se-lanza-contra-gignac-callate-la-boquita\/","title":{"rendered":"Hugo S\u00e1nchez se lanza contra Gignac: &#8216;C\u00e1llate la boquita&#8217;"},"content":{"rendered":"<p>En pleno d\u00eda de medios donde los futbolistas de Tigres tuvieron entrevistas mano a mano con diferentes medios de comunicaci\u00f3n, una de las pol\u00e9micas m\u00e1s importantes fue una entrevista con\u00a0<strong>Andr\u00e9-Pierre Gignac<\/strong>, donde el m\u00e1ximo goleador en la historia del equipo felino\u00a0<strong>habl\u00f3 sobre el \u201cChicharito\u201d Hern\u00e1ndez y su presente en Chivas.<\/strong><\/p>\n<p>\u201cUstedes son terribles, la verdad perdonen, pero<strong>\u00a0todos son terribles con \u00e9l<\/strong>, no es por que lo quiera bien o algo as\u00ed, pero la verdad si son terribles, lo matan,\u00a0<mark>yo estoy seguro que puede ayudar a meter goles todav\u00eda\u201d,<\/mark>\u00a0mencion\u00f3 el 10 de los Tigres.<\/p>\n<p>Adem\u00e1s\u00a0<strong>el Franc\u00e9s habl\u00f3 sobre la carrera del \u201cChicharito\u201d en Europa,<\/strong>\u00a0mencionado que Javier es el jugador azteca con mejor carrera en el viejo continente.<mark>\u00a0\u201cTiene una carrera fant\u00e1stica, \u00a0puede ser que sea el mexicano con la mejor carrera en Europa\u201d<\/mark>, declar\u00f3 el goleador franc\u00e9s.<\/p>\n<p>Sin embargo, el m\u00e1ximo goleador mexicano en Europa, Hugo S\u00e1nchez, opin\u00f3 para ESPN\u00a0<strong>sobre las palabras de Gignac hablando de la carrera de Javier Hern\u00e1ndez<\/strong>, lanz\u00e1ndose contra el futbolista de los Tigres.<\/p>\n<h2>\u00bfQu\u00e9 dijo Hugo S\u00e1nchez sobre Gignac?<\/h2>\n<p>Hugo en su opini\u00f3n declar\u00f3 que\u00a0<mark>Andr\u00e9 no tiene el suficiente conocimiento de historia del futbol mexicano<\/mark>, dejando en claro su aparente molestia porque Gignac se olvid\u00f3 de \u00e9l a la hora de mencionar a los mexicanos con mejor carrera en Europa.<\/p>\n<p>\u201cJavier ha hecho una carrera extraordinaria, pero<mark>\u00a0primero antes de hablar hay que informarse, porque si no te estas bien informado pues mejor\u00a0<strong>c\u00e1llate la boquita<\/strong>\u00a0y no digas algo que no est\u00e1s bien informado y que no sabes,<\/mark>\u00a0por que si en un momento dado puede perder credibilidad, as\u00ed como la FIFA est\u00e1 perdiendo credibilidad con el tema de le\u00f3n, pues\u00a0<strong>Gignac debe de cuidar sus palabras\u201d<\/strong>, opin\u00f3 el exentrenador.<\/p>\n","protected":false},"excerpt":{"rendered":"<p>En pleno d\u00eda de medios donde los futbolistas de Tigres tuvieron entrevistas mano a mano con diferentes medios de comunicaci\u00f3n, una de las pol\u00e9micas m\u00e1s importantes fue una entrevista con\u00a0Andr\u00e9-Pierre Gignac, donde el m\u00e1ximo goleador en la historia del equipo felino\u00a0habl\u00f3 sobre el \u201cChicharito\u201d Hern\u00e1ndez y su presente en Chivas. \u201cUstedes son terribles, la verdad [&hellip;]<\/p>\n","protected":false},"author":2,"featured_media":213099,"comment_status":"closed","ping_status":"closed","sticky":false,"template":"","format":"standard","meta":{"footnotes":""},"categories":[188,12870],"tags":[5231,12865],"class_list":["post-213098","post","type-post","status-publish","format-standard","has-post-thumbnail","hentry","category-deportes","category-destacadas","tag-deportes","tag-destacadas"],"jetpack_featured_media_url":"https:\/\/rnoticias.com.mx\/Portal\/wp-content\/uploads\/2025\/03\/hugo_sanchez_y_andre.jpg_466078407.webp","amp_enabled":true,"_links":{"self":[{"href":"https:\/\/rnoticias.com.mx\/Portal\/wp-json\/wp\/v2\/posts\/213098","targetHints":{"allow":["GET"]}}],"collection":[{"href":"https:\/\/rnoticias.com.mx\/Portal\/wp-json\/wp\/v2\/posts"}],"about":[{"href":"https:\/\/rnoticias.com.mx\/Portal\/wp-json\/wp\/v2\/types\/post"}],"author":[{"embeddable":true,"href":"https:\/\/rnoticias.com.mx\/Portal\/wp-json\/wp\/v2\/users\/2"}],"replies":[{"embeddable":true,"href":"https:\/\/rnoticias.com.mx\/Portal\/wp-json\/wp\/v2\/comments?post=213098"}],"version-history":[{"count":1,"href":"https:\/\/rnoticias.com.mx\/Portal\/wp-json\/wp\/v2\/posts\/213098\/revisions"}],"predecessor-version":[{"id":213100,"href":"https:\/\/rnoticias.com.mx\/Portal\/wp-json\/wp\/v2\/posts\/213098\/revisions\/213100"}],"wp:featuredmedia":[{"embeddable":true,"href":"https:\/\/rnoticias.com.mx\/Portal\/wp-json\/wp\/v2\/media\/213099"}],"wp:attachment":[{"href":"https:\/\/rnoticias.com.mx\/Portal\/wp-json\/wp\/v2\/media?parent=213098"}],"wp:term":[{"taxonomy":"category","embeddable":true,"href":"https:\/\/rnoticias.com.mx\/Portal\/wp-json\/wp\/v2\/categories?post=213098"},{"taxonomy":"post_tag","embeddable":true,"href":"https:\/\/rnoticias.com.mx\/Portal\/wp-json\/wp\/v2\/tags?post=213098"}],"curies":[{"name":"wp","href":"https:\/\/api.w.org\/{rel}","templated":true}]}}