{"id":213086,"date":"2025-03-27T23:47:03","date_gmt":"2025-03-27T23:47:03","guid":{"rendered":"https:\/\/rnoticias.com.mx\/Portal\/?p=213086"},"modified":"2025-03-27T23:47:03","modified_gmt":"2025-03-27T23:47:03","slug":"llevaran-caravana-de-la-salud-comunitaria-al-comedor-golondrinas","status":"publish","type":"post","link":"https:\/\/rnoticias.com.mx\/Portal\/2025\/03\/27\/llevaran-caravana-de-la-salud-comunitaria-al-comedor-golondrinas\/","title":{"rendered":"Llevar\u00e1n caravana de la salud comunitaria al Comedor Golondrinas"},"content":{"rendered":"<p>Este viernes 28 de marzo en las instalaciones del Comedor Golondrinas, se va a realizar una Caravana de la Salud Comunitaria por parte de diferentes organizaciones de la sociedad civil, empresas y secretaria de salud con el objetivo de beneficiar a habitantes del sector de Las Cuevitas.<\/p>\n<p>&nbsp;<\/p>\n<p>Irasema Le\u00f3n, coordinadora del Comedor Golondrinas, dio a conocer que esa caravana de salud comunitaria que ya tiene a\u00f1os llev\u00e1ndose a cabo en ese sector, las organiza la Fundaci\u00f3n Don Jorge Aguilar Heredia y quien adem\u00e1s cuenta con el apoyo de otras personas para llevarles servicios de salud gratuitos a familias de la colonia Las Cuevitas.<\/p>\n<p>&nbsp;<\/p>\n<p><strong>\u00a0\u201cEs una invitaci\u00f3n general a quien necesite algunos de los servicios que est\u00e1n ofreciendo, siempre son muchas organizaciones las que se unen para ofrecer esos servicios, incluso hasta les cortan el cabello, va registro civil, etc\u201d, cont\u00f3.<\/strong><\/p>\n<p>&nbsp;<\/p>\n<p>Entre los servicios gratuitos que se ofrecer\u00e1n este viernes 28 de marzo en las instalaciones del comedor Golondrinas, son: consulta m\u00e9dica, pruebas de glucosa y presi\u00f3n arterial, toma de peso y talla, vacunaci\u00f3n para ni\u00f1os y adultos, orientaci\u00f3n nutricional, vacunas para la rabia en mascotas, servicios de limpieza y extracciones dentales, bazar comunitario gratuito y m\u00e1s.<\/p>\n<p>&nbsp;<\/p>\n<p>Por \u00faltimo, record\u00f3 que esa caravana dar\u00e1 inicio a las 9 de la ma\u00f1ana y concluir\u00e1 a la una de la tarde en la direcci\u00f3n de Wenceslao Victoria #30 esquina con Margarita Mor\u00e1n en la colonia Las Cuevitas.<\/p>\n","protected":false},"excerpt":{"rendered":"<p>Este viernes 28 de marzo en las instalaciones del Comedor Golondrinas, se va a realizar una Caravana de la Salud Comunitaria por parte de diferentes organizaciones de la sociedad civil, empresas y secretaria de salud con el objetivo de beneficiar a habitantes del sector de Las Cuevitas. &nbsp; Irasema Le\u00f3n, coordinadora del Comedor Golondrinas, dio [&hellip;]<\/p>\n","protected":false},"author":2,"featured_media":213087,"comment_status":"closed","ping_status":"closed","sticky":false,"template":"","format":"standard","meta":{"footnotes":""},"categories":[12870,178],"tags":[12865,12869],"class_list":["post-213086","post","type-post","status-publish","format-standard","has-post-thumbnail","hentry","category-destacadas","category-local","tag-destacadas","tag-local"],"jetpack_featured_media_url":"https:\/\/rnoticias.com.mx\/Portal\/wp-content\/uploads\/2025\/03\/80f8db2f-9a62-441b-b5b9-d822b08c6bfc.jpg","amp_enabled":true,"_links":{"self":[{"href":"https:\/\/rnoticias.com.mx\/Portal\/wp-json\/wp\/v2\/posts\/213086","targetHints":{"allow":["GET"]}}],"collection":[{"href":"https:\/\/rnoticias.com.mx\/Portal\/wp-json\/wp\/v2\/posts"}],"about":[{"href":"https:\/\/rnoticias.com.mx\/Portal\/wp-json\/wp\/v2\/types\/post"}],"author":[{"embeddable":true,"href":"https:\/\/rnoticias.com.mx\/Portal\/wp-json\/wp\/v2\/users\/2"}],"replies":[{"embeddable":true,"href":"https:\/\/rnoticias.com.mx\/Portal\/wp-json\/wp\/v2\/comments?post=213086"}],"version-history":[{"count":1,"href":"https:\/\/rnoticias.com.mx\/Portal\/wp-json\/wp\/v2\/posts\/213086\/revisions"}],"predecessor-version":[{"id":213088,"href":"https:\/\/rnoticias.com.mx\/Portal\/wp-json\/wp\/v2\/posts\/213086\/revisions\/213088"}],"wp:featuredmedia":[{"embeddable":true,"href":"https:\/\/rnoticias.com.mx\/Portal\/wp-json\/wp\/v2\/media\/213087"}],"wp:attachment":[{"href":"https:\/\/rnoticias.com.mx\/Portal\/wp-json\/wp\/v2\/media?parent=213086"}],"wp:term":[{"taxonomy":"category","embeddable":true,"href":"https:\/\/rnoticias.com.mx\/Portal\/wp-json\/wp\/v2\/categories?post=213086"},{"taxonomy":"post_tag","embeddable":true,"href":"https:\/\/rnoticias.com.mx\/Portal\/wp-json\/wp\/v2\/tags?post=213086"}],"curies":[{"name":"wp","href":"https:\/\/api.w.org\/{rel}","templated":true}]}}