{"id":213083,"date":"2025-03-27T23:46:14","date_gmt":"2025-03-27T23:46:14","guid":{"rendered":"https:\/\/rnoticias.com.mx\/Portal\/?p=213083"},"modified":"2025-03-27T23:46:14","modified_gmt":"2025-03-27T23:46:14","slug":"realizaran-nueva-jornada-de-mega-limpieza-de-carretera-a-la-costa-de-hermosillo","status":"publish","type":"post","link":"https:\/\/rnoticias.com.mx\/Portal\/2025\/03\/27\/realizaran-nueva-jornada-de-mega-limpieza-de-carretera-a-la-costa-de-hermosillo\/","title":{"rendered":"Realizar\u00e1n nueva jornada de mega limpieza de carretera a la costa de Hermosillo"},"content":{"rendered":"<p>Unir\u00e1n esfuerzos de nueva cuenta sociedad civil organizada y empresas para llevar a cabo este fin de semana una mega limpieza de carretera a la costa de Hermosillo.<\/p>\n<p>&nbsp;<\/p>\n<p>Alain Ballesteros Sandoval, secretario del Patronato Kino Limpio y Seguro, seguro que este s\u00e1bado 29 de marzo llevar\u00e1n a cabo una edici\u00f3n m\u00e1s del programa Carret\u00f3n 2025 y aplicar acciones de limpieza en varios kil\u00f3metros en la r\u00faa de Hermosillo hacia la costa.<\/p>\n<p>&nbsp;<\/p>\n<p><strong>\u00a0\u201cEn esta ocasi\u00f3n queremos enfocar nuestros esfuerzos a la limpieza de la carretera saliendo de Hermosillo. Usualmente trabajamos ya llegando a Bah\u00eda de Kino, pero por lo transitado de la carretera y para poner un ejemplo a los hermosillenses e involucrarlos, pues queremos enfocarnos saliendo ah\u00ed de Hermosillo, en el kil\u00f3metro 26 en el cerrito de Tiro al Blanco\u201d, dijo.<\/strong><\/p>\n<p>&nbsp;<\/p>\n<p>&nbsp;<\/p>\n<p>Detall\u00f3, que para esta ocasi\u00f3n, van a participar no menos de 200 personas, conformadas por 25 empresas y grupos ambientales, que durante varias horas limpiaran al menos 10 kil\u00f3metros de esa carretera.<\/p>\n<p>&nbsp;<\/p>\n<p>Para los que asistan, recomend\u00f3 el llevar calzado cerrado, guantes, sombrero, chaleco de seguridad, bloqueador y agua principalmente.<\/p>\n<p>&nbsp;<\/p>\n<p>Finalmente, dijo que esa actividad dar\u00e1 inicio este s\u00e1bado a las 07:30 de la ma\u00f1ana en el kil\u00f3metro 26 que ser\u00e1 el punto de encuentro y de ah\u00ed partir en bloques organizados ir juntando desde basura, llantas y m\u00e1s.<\/p>\n<p>&nbsp;<\/p>\n","protected":false},"excerpt":{"rendered":"<p>Unir\u00e1n esfuerzos de nueva cuenta sociedad civil organizada y empresas para llevar a cabo este fin de semana una mega limpieza de carretera a la costa de Hermosillo. &nbsp; Alain Ballesteros Sandoval, secretario del Patronato Kino Limpio y Seguro, seguro que este s\u00e1bado 29 de marzo llevar\u00e1n a cabo una edici\u00f3n m\u00e1s del programa Carret\u00f3n [&hellip;]<\/p>\n","protected":false},"author":2,"featured_media":213084,"comment_status":"closed","ping_status":"closed","sticky":false,"template":"","format":"standard","meta":{"footnotes":""},"categories":[12870,178],"tags":[12865,12869],"class_list":["post-213083","post","type-post","status-publish","format-standard","has-post-thumbnail","hentry","category-destacadas","category-local","tag-destacadas","tag-local"],"jetpack_featured_media_url":"https:\/\/rnoticias.com.mx\/Portal\/wp-content\/uploads\/2025\/03\/GmcO3AAXwAAUL51.jpg","amp_enabled":true,"_links":{"self":[{"href":"https:\/\/rnoticias.com.mx\/Portal\/wp-json\/wp\/v2\/posts\/213083","targetHints":{"allow":["GET"]}}],"collection":[{"href":"https:\/\/rnoticias.com.mx\/Portal\/wp-json\/wp\/v2\/posts"}],"about":[{"href":"https:\/\/rnoticias.com.mx\/Portal\/wp-json\/wp\/v2\/types\/post"}],"author":[{"embeddable":true,"href":"https:\/\/rnoticias.com.mx\/Portal\/wp-json\/wp\/v2\/users\/2"}],"replies":[{"embeddable":true,"href":"https:\/\/rnoticias.com.mx\/Portal\/wp-json\/wp\/v2\/comments?post=213083"}],"version-history":[{"count":1,"href":"https:\/\/rnoticias.com.mx\/Portal\/wp-json\/wp\/v2\/posts\/213083\/revisions"}],"predecessor-version":[{"id":213085,"href":"https:\/\/rnoticias.com.mx\/Portal\/wp-json\/wp\/v2\/posts\/213083\/revisions\/213085"}],"wp:featuredmedia":[{"embeddable":true,"href":"https:\/\/rnoticias.com.mx\/Portal\/wp-json\/wp\/v2\/media\/213084"}],"wp:attachment":[{"href":"https:\/\/rnoticias.com.mx\/Portal\/wp-json\/wp\/v2\/media?parent=213083"}],"wp:term":[{"taxonomy":"category","embeddable":true,"href":"https:\/\/rnoticias.com.mx\/Portal\/wp-json\/wp\/v2\/categories?post=213083"},{"taxonomy":"post_tag","embeddable":true,"href":"https:\/\/rnoticias.com.mx\/Portal\/wp-json\/wp\/v2\/tags?post=213083"}],"curies":[{"name":"wp","href":"https:\/\/api.w.org\/{rel}","templated":true}]}}