{"id":213028,"date":"2025-03-27T13:34:34","date_gmt":"2025-03-27T13:34:34","guid":{"rendered":"https:\/\/rnoticias.com.mx\/Portal\/?p=213028"},"modified":"2025-03-27T13:34:34","modified_gmt":"2025-03-27T13:34:34","slug":"reprograman-audiencia-de-ovidio-guzman-en-eu-sera-el-12-de-mayo","status":"publish","type":"post","link":"https:\/\/rnoticias.com.mx\/Portal\/2025\/03\/27\/reprograman-audiencia-de-ovidio-guzman-en-eu-sera-el-12-de-mayo\/","title":{"rendered":"Reprograman audiencia de Ovidio Guzm\u00e1n en EU; ser\u00e1 el 12 de mayo"},"content":{"rendered":"<p><mark><strong>Ovidio Guzm\u00e1n L\u00f3pez, &#8220;El rat\u00f3n&#8221;, volver\u00e1 a la corte federal en Chicago hasta el 12 de mayo<\/strong><\/mark>; la audiencia estaba programada para el pr\u00f3ximo 31 de marzo.<\/p>\n<p>Se preve\u00eda que Ovidio Guzm\u00e1n, uno de &#8220;Los Chapitos&#8221;, compareciera ante Sharon Johnson Coleman, jueza del Tribunal de Distrito de Estados Unidos para el Distrito Norte de Illinois.<\/p>\n<p><strong>Ovidio est\u00e1 en negociaciones de culpabilidad con el Gobierno de Estados Unidos,\u00a0<\/strong>dijeron sus abogados en enero en un tribunal de Chicago.<\/p>\n<p>La noticia de un posible acuerdo para Ovidio Guzm\u00e1n, quien se ha declarado inocente, se divulg\u00f3 por primera vez durante una audiencia en octubre, meses despu\u00e9s de que su hermano, Joaqu\u00edn Guzm\u00e1n L\u00f3pez, quien tambi\u00e9n busca un acuerdo, fuera arrestado por las autoridades estadounidenses en Texas junto a Ismael \u201cEl Mayo\u201d Zambada, un l\u00edder de larga data del C\u00e1rtel de Sinaloa.<\/p>\n<p><strong>Ovidio Guzm\u00e1n fue arrestado en Sinaloa, base del cartel, y tras ser extraditado el 15 de septiembre del 2023 enfrent\u00f3 una audiencia tres d\u00edas m\u00e1s tarde para la lectura de los cinco cargos en su contra, de los que se declar\u00f3 no culpable.<\/strong><\/p>\n<p><strong>Est\u00e1 acusado de conspirar para distribuir droga, formar parte de una empresa criminal, exportar narc\u00f3ticos a Estados Unidos, efectuar transacciones financieras con el producto de actividades ilegales y usar y portar il\u00edcitamente armas de fuego.<\/strong><\/p>\n<p>Mientras que su hermano Joaqu\u00edn se declar\u00f3 no culpable de los mismos cargos que su hermano y ambos permanecen detenidos sin derecho a fianza.<\/p>\n","protected":false},"excerpt":{"rendered":"<p>Ovidio Guzm\u00e1n L\u00f3pez, &#8220;El rat\u00f3n&#8221;, volver\u00e1 a la corte federal en Chicago hasta el 12 de mayo; la audiencia estaba programada para el pr\u00f3ximo 31 de marzo. Se preve\u00eda que Ovidio Guzm\u00e1n, uno de &#8220;Los Chapitos&#8221;, compareciera ante Sharon Johnson Coleman, jueza del Tribunal de Distrito de Estados Unidos para el Distrito Norte de Illinois. [&hellip;]<\/p>\n","protected":false},"author":2,"featured_media":213029,"comment_status":"closed","ping_status":"closed","sticky":false,"template":"","format":"standard","meta":{"footnotes":""},"categories":[12870,182],"tags":[12865,12871],"class_list":["post-213028","post","type-post","status-publish","format-standard","has-post-thumbnail","hentry","category-destacadas","category-internacional","tag-destacadas","tag-internacional"],"jetpack_featured_media_url":"https:\/\/rnoticias.com.mx\/Portal\/wp-content\/uploads\/2025\/03\/Captura-de-pantalla-2025-02-25-142715.webp","amp_enabled":true,"_links":{"self":[{"href":"https:\/\/rnoticias.com.mx\/Portal\/wp-json\/wp\/v2\/posts\/213028","targetHints":{"allow":["GET"]}}],"collection":[{"href":"https:\/\/rnoticias.com.mx\/Portal\/wp-json\/wp\/v2\/posts"}],"about":[{"href":"https:\/\/rnoticias.com.mx\/Portal\/wp-json\/wp\/v2\/types\/post"}],"author":[{"embeddable":true,"href":"https:\/\/rnoticias.com.mx\/Portal\/wp-json\/wp\/v2\/users\/2"}],"replies":[{"embeddable":true,"href":"https:\/\/rnoticias.com.mx\/Portal\/wp-json\/wp\/v2\/comments?post=213028"}],"version-history":[{"count":1,"href":"https:\/\/rnoticias.com.mx\/Portal\/wp-json\/wp\/v2\/posts\/213028\/revisions"}],"predecessor-version":[{"id":213030,"href":"https:\/\/rnoticias.com.mx\/Portal\/wp-json\/wp\/v2\/posts\/213028\/revisions\/213030"}],"wp:featuredmedia":[{"embeddable":true,"href":"https:\/\/rnoticias.com.mx\/Portal\/wp-json\/wp\/v2\/media\/213029"}],"wp:attachment":[{"href":"https:\/\/rnoticias.com.mx\/Portal\/wp-json\/wp\/v2\/media?parent=213028"}],"wp:term":[{"taxonomy":"category","embeddable":true,"href":"https:\/\/rnoticias.com.mx\/Portal\/wp-json\/wp\/v2\/categories?post=213028"},{"taxonomy":"post_tag","embeddable":true,"href":"https:\/\/rnoticias.com.mx\/Portal\/wp-json\/wp\/v2\/tags?post=213028"}],"curies":[{"name":"wp","href":"https:\/\/api.w.org\/{rel}","templated":true}]}}