{"id":213016,"date":"2025-03-27T13:27:21","date_gmt":"2025-03-27T13:27:21","guid":{"rendered":"https:\/\/rnoticias.com.mx\/Portal\/?p=213016"},"modified":"2025-03-27T13:27:21","modified_gmt":"2025-03-27T13:27:21","slug":"mexico-pais-mas-afectado-por-aranceles-automotrices","status":"publish","type":"post","link":"https:\/\/rnoticias.com.mx\/Portal\/2025\/03\/27\/mexico-pais-mas-afectado-por-aranceles-automotrices\/","title":{"rendered":"M\u00e9xico, pa\u00eds m\u00e1s afectado por aranceles automotrices"},"content":{"rendered":"<p>La decisi\u00f3n de imponer aranceles a productos del sector automotriz que lleguen a\u00a0<strong>Estados Unidos\u00a0<\/strong>afectar\u00e1 principalmente a\u00a0<strong>M\u00e9xico<\/strong>, asegur\u00f3\u00a0<strong>Arturo Santa Cruz D\u00edaz<\/strong>, internacionalista de la\u00a0<strong>Universidad de Guadalajara<\/strong>.<\/p>\n<p>El acad\u00e9mico precis\u00f3 que al menos la tercera parte de las importaciones de productos automotrices que llegan a Estados Unidos tienen su origen en M\u00e9xico, por lo tanto, se incrementar\u00edan los precios de los veh\u00edculos en aquel pa\u00eds.<\/p>\n<p>&#8220;Del total de importaciones que hace Estados Unidos de veh\u00edculos ligeros, por ejemplo, ronda casi el cuarto de bill\u00f3n de d\u00f3lares, alrededor de 240 mil millones de d\u00f3lares. De eso, la tercera parte, casi 80 mil millones vienen de M\u00e9xico, entonces va a tener un efecto inmediato en los precios de los veh\u00edculos en Estados Unidos&#8221;.<\/p>\n<p><strong>Santa Cruz D\u00edaz<\/strong>\u00a0consider\u00f3 que\u00a0<strong>M\u00e9xico o Canad\u00e1<\/strong>\u00a0no tienen mucho que hacer ante la medida que se prev\u00e9, entre en vigor el d\u00eda 2 de abril.<\/p>\n<p>Sin embargo, consider\u00f3 que\u00a0<strong>se puede demostrar que las medidas son inviables y costosas para el pa\u00eds norteamericano y afectar\u00eda a las finanzas de aquella naci\u00f3n.<\/strong><\/p>\n<p>Por otra parte, sugiri\u00f3 que M\u00e9xico pueda responder con la posible aplicaci\u00f3n de aranceles en productos clave que tengan origen en Estados Unidos para que el presidente de aquel pa\u00eds, Donald Trump, reconsidere un cambio de opini\u00f3n.<\/p>\n<p>&nbsp;<\/p>\n<p>El Informador<\/p>\n","protected":false},"excerpt":{"rendered":"<p>La decisi\u00f3n de imponer aranceles a productos del sector automotriz que lleguen a\u00a0Estados Unidos\u00a0afectar\u00e1 principalmente a\u00a0M\u00e9xico, asegur\u00f3\u00a0Arturo Santa Cruz D\u00edaz, internacionalista de la\u00a0Universidad de Guadalajara. El acad\u00e9mico precis\u00f3 que al menos la tercera parte de las importaciones de productos automotrices que llegan a Estados Unidos tienen su origen en M\u00e9xico, por lo tanto, se incrementar\u00edan [&hellip;]<\/p>\n","protected":false},"author":2,"featured_media":213017,"comment_status":"closed","ping_status":"closed","sticky":false,"template":"","format":"standard","meta":{"footnotes":""},"categories":[12870,172],"tags":[12865,12874],"class_list":["post-213016","post","type-post","status-publish","format-standard","has-post-thumbnail","hentry","category-destacadas","category-nacional","tag-destacadas","tag-nacional"],"jetpack_featured_media_url":"https:\/\/rnoticias.com.mx\/Portal\/wp-content\/uploads\/2025\/03\/43-2-696x464-1.jpg","amp_enabled":true,"_links":{"self":[{"href":"https:\/\/rnoticias.com.mx\/Portal\/wp-json\/wp\/v2\/posts\/213016","targetHints":{"allow":["GET"]}}],"collection":[{"href":"https:\/\/rnoticias.com.mx\/Portal\/wp-json\/wp\/v2\/posts"}],"about":[{"href":"https:\/\/rnoticias.com.mx\/Portal\/wp-json\/wp\/v2\/types\/post"}],"author":[{"embeddable":true,"href":"https:\/\/rnoticias.com.mx\/Portal\/wp-json\/wp\/v2\/users\/2"}],"replies":[{"embeddable":true,"href":"https:\/\/rnoticias.com.mx\/Portal\/wp-json\/wp\/v2\/comments?post=213016"}],"version-history":[{"count":1,"href":"https:\/\/rnoticias.com.mx\/Portal\/wp-json\/wp\/v2\/posts\/213016\/revisions"}],"predecessor-version":[{"id":213018,"href":"https:\/\/rnoticias.com.mx\/Portal\/wp-json\/wp\/v2\/posts\/213016\/revisions\/213018"}],"wp:featuredmedia":[{"embeddable":true,"href":"https:\/\/rnoticias.com.mx\/Portal\/wp-json\/wp\/v2\/media\/213017"}],"wp:attachment":[{"href":"https:\/\/rnoticias.com.mx\/Portal\/wp-json\/wp\/v2\/media?parent=213016"}],"wp:term":[{"taxonomy":"category","embeddable":true,"href":"https:\/\/rnoticias.com.mx\/Portal\/wp-json\/wp\/v2\/categories?post=213016"},{"taxonomy":"post_tag","embeddable":true,"href":"https:\/\/rnoticias.com.mx\/Portal\/wp-json\/wp\/v2\/tags?post=213016"}],"curies":[{"name":"wp","href":"https:\/\/api.w.org\/{rel}","templated":true}]}}