{"id":213013,"date":"2025-03-27T13:23:33","date_gmt":"2025-03-27T13:23:33","guid":{"rendered":"https:\/\/rnoticias.com.mx\/Portal\/?p=213013"},"modified":"2025-03-27T13:23:33","modified_gmt":"2025-03-27T13:23:33","slug":"colabora-ssp-sonora-en-operativo-heroes-paisanos-por-unas-vacaciones-seguras","status":"publish","type":"post","link":"https:\/\/rnoticias.com.mx\/Portal\/2025\/03\/27\/colabora-ssp-sonora-en-operativo-heroes-paisanos-por-unas-vacaciones-seguras\/","title":{"rendered":"Colabora SSP Sonora en operativo H\u00e9roes Paisanos por unas Vacaciones Seguras"},"content":{"rendered":"<p>Hermosillo, Sonora; 27 de marzo de 2025.- Como parte del Programa \u201cH\u00e9roes Paisanos\u201d que se implementa con motivo de la temporada vacacional de Semana Santa, el Gobierno de Sonora, comprometido con la seguridad de las y los ciudadanos, inici\u00f3 con operativos informativos desplegados en las centrales de autobuses de la entidad para compartir con las personas que utilizan este medio de transporte los programas y herramientas tecnol\u00f3gicas orientadas a la prevenci\u00f3n de delitos, inform\u00f3 la Secretar\u00eda de Seguridad P\u00fablica (SSP).<\/p>\n<p>Por unas Vacaciones Seguras, la SSP ofrece a la ciudadan\u00eda informaci\u00f3n de utilidad en caso de una emergencia o para prevenir ser v\u00edctima de un delito, por parte de los equipos del Centro de Control, Comando, Comunicaci\u00f3n, C\u00f3mputo, Coordinaci\u00f3n e Inteligencia (C5I) en coordinaci\u00f3n con la Polic\u00eda Estatal y el Centro Estatal de Prevenci\u00f3n del Delito y Participaci\u00f3n Ciudadana.<\/p>\n<p>Se informa a las personas que arriban al estado o durante su paso por territorio sonorense sobre la disponibilidad de la l\u00ednea 9-1-1 para reportar emergencias, 089 para denunciar delitos de forma an\u00f3nima, as\u00ed como la funci\u00f3n de las aplicaciones m\u00f3viles Antiextorsi\u00f3n Sonora y Mujeres Seguras.<\/p>\n<p>De igual forma, el personal de la SSP est\u00e1 desplegado en las casetas de peaje de Nogales, Hermosillo, Guaymas, Ciudad Obreg\u00f3n y Navojoa, as\u00ed como en \u00e1reas de mayor afluencia ciudadana para visibilizar los programas preventivos.<\/p>\n","protected":false},"excerpt":{"rendered":"<p>Hermosillo, Sonora; 27 de marzo de 2025.- Como parte del Programa \u201cH\u00e9roes Paisanos\u201d que se implementa con motivo de la temporada vacacional de Semana Santa, el Gobierno de Sonora, comprometido con la seguridad de las y los ciudadanos, inici\u00f3 con operativos informativos desplegados en las centrales de autobuses de la entidad para compartir con las [&hellip;]<\/p>\n","protected":false},"author":2,"featured_media":213014,"comment_status":"closed","ping_status":"closed","sticky":false,"template":"","format":"standard","meta":{"footnotes":""},"categories":[12870,178],"tags":[12865,12869],"class_list":["post-213013","post","type-post","status-publish","format-standard","has-post-thumbnail","hentry","category-destacadas","category-local","tag-destacadas","tag-local"],"jetpack_featured_media_url":"https:\/\/rnoticias.com.mx\/Portal\/wp-content\/uploads\/2025\/03\/unnamed-1-39.jpg","amp_enabled":true,"_links":{"self":[{"href":"https:\/\/rnoticias.com.mx\/Portal\/wp-json\/wp\/v2\/posts\/213013","targetHints":{"allow":["GET"]}}],"collection":[{"href":"https:\/\/rnoticias.com.mx\/Portal\/wp-json\/wp\/v2\/posts"}],"about":[{"href":"https:\/\/rnoticias.com.mx\/Portal\/wp-json\/wp\/v2\/types\/post"}],"author":[{"embeddable":true,"href":"https:\/\/rnoticias.com.mx\/Portal\/wp-json\/wp\/v2\/users\/2"}],"replies":[{"embeddable":true,"href":"https:\/\/rnoticias.com.mx\/Portal\/wp-json\/wp\/v2\/comments?post=213013"}],"version-history":[{"count":1,"href":"https:\/\/rnoticias.com.mx\/Portal\/wp-json\/wp\/v2\/posts\/213013\/revisions"}],"predecessor-version":[{"id":213015,"href":"https:\/\/rnoticias.com.mx\/Portal\/wp-json\/wp\/v2\/posts\/213013\/revisions\/213015"}],"wp:featuredmedia":[{"embeddable":true,"href":"https:\/\/rnoticias.com.mx\/Portal\/wp-json\/wp\/v2\/media\/213014"}],"wp:attachment":[{"href":"https:\/\/rnoticias.com.mx\/Portal\/wp-json\/wp\/v2\/media?parent=213013"}],"wp:term":[{"taxonomy":"category","embeddable":true,"href":"https:\/\/rnoticias.com.mx\/Portal\/wp-json\/wp\/v2\/categories?post=213013"},{"taxonomy":"post_tag","embeddable":true,"href":"https:\/\/rnoticias.com.mx\/Portal\/wp-json\/wp\/v2\/tags?post=213013"}],"curies":[{"name":"wp","href":"https:\/\/api.w.org\/{rel}","templated":true}]}}