{"id":212998,"date":"2025-03-27T03:47:39","date_gmt":"2025-03-27T03:47:39","guid":{"rendered":"https:\/\/rnoticias.com.mx\/Portal\/?p=212998"},"modified":"2025-03-27T03:47:39","modified_gmt":"2025-03-27T03:47:39","slug":"gobernador-durazo-beneficia-a-habitantes-del-sur-con-hospital-del-imss-en-navojoa","status":"publish","type":"post","link":"https:\/\/rnoticias.com.mx\/Portal\/2025\/03\/27\/gobernador-durazo-beneficia-a-habitantes-del-sur-con-hospital-del-imss-en-navojoa\/","title":{"rendered":"Gobernador Durazo beneficia a habitantes del sur con Hospital del IMSS en Navojoa"},"content":{"rendered":"<p>Navojoa, Sonora; 26 de marzo de 2025.- Con paso firme hacia un sistema de salud de calidad en el sur del estado, el gobernador Alfonso Durazo Monta\u00f1o avanza en la construcci\u00f3n del Hospital General de Zona del Instituto Mexicano del Seguro Social (IMSS) en Navojoa, el cual garantizar\u00e1 atenci\u00f3n m\u00e9dica eficiente a m\u00e1s de 96 mil habitantes de los municipios de \u00c1lamos, Huatabampo, Etchojoa, Villa Ju\u00e1rez y Navojoa.<\/p>\n<p>&nbsp;<\/p>\n<p>Con una inversi\u00f3n de mil 869 millones de pesos, este hospital, cuya construcci\u00f3n inici\u00f3 en julio de 2023 y entrar\u00e1 en operaci\u00f3n en septiembre de 2025, contar\u00e1 con 90 camas, 14 consultorios y tres quir\u00f3fanos, fortaleciendo significativamente la infraestructura hospitalaria y cobertura m\u00e9dica especializada de la regi\u00f3n.<\/p>\n<p>&nbsp;<\/p>\n<p>El gobernador Durazo Monta\u00f1o enfatiz\u00f3 que este proyecto es una respuesta directa a la demanda de los ciudadanos de contar con servicios m\u00e9dicos de primer nivel.<\/p>\n<p>&nbsp;<\/p>\n<p>&#8220;Nuestro compromiso es con la salud de las y los sonorenses. Este hospital no solo representa infraestructura, sino la posibilidad de mejorar la calidad de vida de miles de personas&#8221;, afirm\u00f3.<\/p>\n<p>&nbsp;<\/p>\n<p>Este hospital dispondr\u00e1 de tecnolog\u00eda avanzada y equipamiento especializado, incluyendo: mast\u00f3grafo, equipo de rayos X simple y uno compuesto, Unidad de Imagenolog\u00eda, Puesto de Sangrado, 12 m\u00e1quinas de hemodi\u00e1lisis, Cl\u00ednica de Mama, cuatro salas de endoscop\u00eda, Unidad de Cuidados Intensivos para Adultos (UCIA) y \u00c1rea de Tococirug\u00eda.<\/p>\n<p>&nbsp;<\/p>\n<p>As\u00ed mismo, contar\u00e1 con un equipo de mil 297 trabajadores, incluyendo 225 m\u00e9dicos especialistas en 29 diferentes especialidades, asegurando una atenci\u00f3n m\u00e9dica integral y de calidad.<\/p>\n<p>&nbsp;<\/p>\n<p>El Gobierno de Sonora, en coordinaci\u00f3n con el IMSS, reafirma su compromiso de fortalecer el sistema de salud y brindar servicios m\u00e9dicos dignos y accesibles para toda la poblaci\u00f3n.\u00a0Con la construcci\u00f3n de este moderno hospital, Sonora da un paso adelante en la transformaci\u00f3n de su infraestructura hospitalaria, consolidando el bienestar y la salud de sus habitantes.<\/p>\n","protected":false},"excerpt":{"rendered":"<p>Navojoa, Sonora; 26 de marzo de 2025.- Con paso firme hacia un sistema de salud de calidad en el sur del estado, el gobernador Alfonso Durazo Monta\u00f1o avanza en la construcci\u00f3n del Hospital General de Zona del Instituto Mexicano del Seguro Social (IMSS) en Navojoa, el cual garantizar\u00e1 atenci\u00f3n m\u00e9dica eficiente a m\u00e1s de 96 [&hellip;]<\/p>\n","protected":false},"author":2,"featured_media":212999,"comment_status":"closed","ping_status":"closed","sticky":false,"template":"","format":"standard","meta":{"footnotes":""},"categories":[12870,174],"tags":[12865,12873],"class_list":["post-212998","post","type-post","status-publish","format-standard","has-post-thumbnail","hentry","category-destacadas","category-estatal","tag-destacadas","tag-estatal"],"jetpack_featured_media_url":"https:\/\/rnoticias.com.mx\/Portal\/wp-content\/uploads\/2025\/03\/unnamed-94.jpg","amp_enabled":true,"_links":{"self":[{"href":"https:\/\/rnoticias.com.mx\/Portal\/wp-json\/wp\/v2\/posts\/212998","targetHints":{"allow":["GET"]}}],"collection":[{"href":"https:\/\/rnoticias.com.mx\/Portal\/wp-json\/wp\/v2\/posts"}],"about":[{"href":"https:\/\/rnoticias.com.mx\/Portal\/wp-json\/wp\/v2\/types\/post"}],"author":[{"embeddable":true,"href":"https:\/\/rnoticias.com.mx\/Portal\/wp-json\/wp\/v2\/users\/2"}],"replies":[{"embeddable":true,"href":"https:\/\/rnoticias.com.mx\/Portal\/wp-json\/wp\/v2\/comments?post=212998"}],"version-history":[{"count":1,"href":"https:\/\/rnoticias.com.mx\/Portal\/wp-json\/wp\/v2\/posts\/212998\/revisions"}],"predecessor-version":[{"id":213000,"href":"https:\/\/rnoticias.com.mx\/Portal\/wp-json\/wp\/v2\/posts\/212998\/revisions\/213000"}],"wp:featuredmedia":[{"embeddable":true,"href":"https:\/\/rnoticias.com.mx\/Portal\/wp-json\/wp\/v2\/media\/212999"}],"wp:attachment":[{"href":"https:\/\/rnoticias.com.mx\/Portal\/wp-json\/wp\/v2\/media?parent=212998"}],"wp:term":[{"taxonomy":"category","embeddable":true,"href":"https:\/\/rnoticias.com.mx\/Portal\/wp-json\/wp\/v2\/categories?post=212998"},{"taxonomy":"post_tag","embeddable":true,"href":"https:\/\/rnoticias.com.mx\/Portal\/wp-json\/wp\/v2\/tags?post=212998"}],"curies":[{"name":"wp","href":"https:\/\/api.w.org\/{rel}","templated":true}]}}