{"id":212992,"date":"2025-03-27T03:43:03","date_gmt":"2025-03-27T03:43:03","guid":{"rendered":"https:\/\/rnoticias.com.mx\/Portal\/?p=212992"},"modified":"2025-03-27T03:43:03","modified_gmt":"2025-03-27T03:43:03","slug":"presenta-gobierno-de-sonora-convocatoria-de-ingreso-a-preparatorias-publicas-froylan-gamez","status":"publish","type":"post","link":"https:\/\/rnoticias.com.mx\/Portal\/2025\/03\/27\/presenta-gobierno-de-sonora-convocatoria-de-ingreso-a-preparatorias-publicas-froylan-gamez\/","title":{"rendered":"Presenta Gobierno de Sonora convocatoria de ingreso a preparatorias p\u00fablicas: Froyl\u00e1n G\u00e1mez"},"content":{"rendered":"<p>Hermosillo, Sonora; 26 de marzo de 2025.- Del 1 de abril al 15 de mayo estar\u00e1 disponible el Proceso de Registro y Asignaci\u00f3n de Plantel para el Ingreso a la Educaci\u00f3n Media Superior P\u00fablica en el Estado de Sonora \u201cPrepason 2025-2026\u201d, con m\u00e1s de 44 mil 245 espacios disponibles en 171 planteles educativos y 10 centros no escolarizados, anunci\u00f3 Froyl\u00e1n G\u00e1mez Gamboa.<\/p>\n<p>El titular de la Secretar\u00eda de Educaci\u00f3n y Cultura (SEC) detall\u00f3 que las y los j\u00f3venes que deseen continuar sus estudios de bachillerato deber\u00e1n completar el registro en el portal\u00a0<a href=\"https:\/\/prepason.sonora.edu.mx\/\" target=\"_blank\" rel=\"noopener\" data-saferedirecturl=\"https:\/\/www.google.com\/url?q=https:\/\/prepason.sonora.edu.mx&amp;source=gmail&amp;ust=1743132678394000&amp;usg=AOvVaw2WbOIRzAAnzCN74bdeusLo\">https:\/\/prepason.sonora.edu.mx<\/a><wbr \/>, donde tambi\u00e9n encontrar\u00e1n toda la informaci\u00f3n relacionada con la actividad.<\/p>\n<p>Durante la presentaci\u00f3n de la convocatoria, que estar\u00e1 publicada tambi\u00e9n en el portal\u00a0<a href=\"https:\/\/educacion.sonora.gob.mx\/\" target=\"_blank\" rel=\"noopener\" data-saferedirecturl=\"https:\/\/www.google.com\/url?q=https:\/\/educacion.sonora.gob.mx&amp;source=gmail&amp;ust=1743132678394000&amp;usg=AOvVaw1wG4J0dS_7gaRz9vQGlp3b\">https:\/\/educacion.sonora.gob.<wbr \/>mx<\/a>, hizo un llamado a las madres y padres de familia, as\u00ed como a los tutores, para que acompa\u00f1en a los aspirantes durante el registro, porque se trata de una decisi\u00f3n muy importante para su formaci\u00f3n acad\u00e9mica.<\/p>\n<p>G\u00e1mez Gamboa explic\u00f3 que los aspirantes deber\u00e1n seleccionar los planteles de bachillerato de acuerdo con su preferencia y cercan\u00eda al hogar. Adem\u00e1s, se considerar\u00e1 el promedio general de secundaria para la asignaci\u00f3n de plantel.<\/p>\n<p>\u201cTambi\u00e9n se tomar\u00e1n en cuenta criterios de asignaci\u00f3n prioritaria, como: discapacidad, pertenencia a un grupo ind\u00edgena, hermanos inscritos en el plantel, deportistas de alto rendimiento avalados por Codeson o Conade, as\u00ed como formar parte de actividades art\u00edsticas avaladas por alguna instituci\u00f3n de arte y\/o cultura\u201d, indic\u00f3.<\/p>\n<p>El funcionario estatal precis\u00f3 que a partir del 19 de julio de 2025 se publicar\u00e1n los resultados en el portal antes mencionado y a\u00f1adi\u00f3 que habr\u00e1 una segunda etapa de registro, del 21 al 24 de julio, dirigida a los aspirantes que por alguna circunstancia o raz\u00f3n no hayan sido asignados a alg\u00fan plantel en la primera etapa o aquellos que por alg\u00fan motivo no se registraron en la primera etapa del proceso de registro.<\/p>\n<p>Resalt\u00f3 que en el proceso de asignaci\u00f3n para ingresar a la preparatoria participan Cobach, Cecyte, Conalep, Dgeti, Dgetacym, Prepa ISEA, CEB, Cecati y Cedart-Inbal, y garantiz\u00f3 la transparencia, equidad e inclusi\u00f3n de dicha actividad.<\/p>\n","protected":false},"excerpt":{"rendered":"<p>Hermosillo, Sonora; 26 de marzo de 2025.- Del 1 de abril al 15 de mayo estar\u00e1 disponible el Proceso de Registro y Asignaci\u00f3n de Plantel para el Ingreso a la Educaci\u00f3n Media Superior P\u00fablica en el Estado de Sonora \u201cPrepason 2025-2026\u201d, con m\u00e1s de 44 mil 245 espacios disponibles en 171 planteles educativos y 10 [&hellip;]<\/p>\n","protected":false},"author":2,"featured_media":212993,"comment_status":"closed","ping_status":"closed","sticky":false,"template":"","format":"standard","meta":{"footnotes":""},"categories":[12870,178],"tags":[12865,12869],"class_list":["post-212992","post","type-post","status-publish","format-standard","has-post-thumbnail","hentry","category-destacadas","category-local","tag-destacadas","tag-local"],"jetpack_featured_media_url":"https:\/\/rnoticias.com.mx\/Portal\/wp-content\/uploads\/2025\/03\/unnamed-93.jpg","amp_enabled":true,"_links":{"self":[{"href":"https:\/\/rnoticias.com.mx\/Portal\/wp-json\/wp\/v2\/posts\/212992","targetHints":{"allow":["GET"]}}],"collection":[{"href":"https:\/\/rnoticias.com.mx\/Portal\/wp-json\/wp\/v2\/posts"}],"about":[{"href":"https:\/\/rnoticias.com.mx\/Portal\/wp-json\/wp\/v2\/types\/post"}],"author":[{"embeddable":true,"href":"https:\/\/rnoticias.com.mx\/Portal\/wp-json\/wp\/v2\/users\/2"}],"replies":[{"embeddable":true,"href":"https:\/\/rnoticias.com.mx\/Portal\/wp-json\/wp\/v2\/comments?post=212992"}],"version-history":[{"count":1,"href":"https:\/\/rnoticias.com.mx\/Portal\/wp-json\/wp\/v2\/posts\/212992\/revisions"}],"predecessor-version":[{"id":212994,"href":"https:\/\/rnoticias.com.mx\/Portal\/wp-json\/wp\/v2\/posts\/212992\/revisions\/212994"}],"wp:featuredmedia":[{"embeddable":true,"href":"https:\/\/rnoticias.com.mx\/Portal\/wp-json\/wp\/v2\/media\/212993"}],"wp:attachment":[{"href":"https:\/\/rnoticias.com.mx\/Portal\/wp-json\/wp\/v2\/media?parent=212992"}],"wp:term":[{"taxonomy":"category","embeddable":true,"href":"https:\/\/rnoticias.com.mx\/Portal\/wp-json\/wp\/v2\/categories?post=212992"},{"taxonomy":"post_tag","embeddable":true,"href":"https:\/\/rnoticias.com.mx\/Portal\/wp-json\/wp\/v2\/tags?post=212992"}],"curies":[{"name":"wp","href":"https:\/\/api.w.org\/{rel}","templated":true}]}}