{"id":212981,"date":"2025-03-27T03:33:41","date_gmt":"2025-03-27T03:33:41","guid":{"rendered":"https:\/\/rnoticias.com.mx\/Portal\/?p=212981"},"modified":"2025-03-27T03:33:41","modified_gmt":"2025-03-27T03:33:41","slug":"invita-gobierno-de-sonora-a-la-comunidad-a-visitar-y-disfrutar-del-bosque-urbano-la-sauceda","status":"publish","type":"post","link":"https:\/\/rnoticias.com.mx\/Portal\/2025\/03\/27\/invita-gobierno-de-sonora-a-la-comunidad-a-visitar-y-disfrutar-del-bosque-urbano-la-sauceda\/","title":{"rendered":"Invita Gobierno de Sonora a la comunidad a visitar y disfrutar del Bosque Urbano La Sauceda"},"content":{"rendered":"<p align=\"left\">Hermosillo, Sonora; 26 de marzo de 2025.- En cumplimiento de los compromisos del gobernador Alfonso Durazo, para que las y los ciudadanos disfruten del Bosque Urbano La Sauceda, se dio a conocer la cartelera de atracciones y actividades acad\u00e9micas, recreativas y musicales que se realizar\u00e1n en marzo y abril.<\/p>\n<p align=\"left\">\n<p align=\"left\">El director general de La Sauceda, Jes\u00fas Madrid del R\u00edo, enfatiz\u00f3 que la apertura al p\u00fablico ser\u00e1 los viernes de cuatro de la tarde a nueve de la noche, mientras que los s\u00e1bados y domingos tendr\u00e1 un horario de nueve de la ma\u00f1ana a nueve de la noche. Adem\u00e1s, el acceso al lugar es gratuito.<\/p>\n<p align=\"left\">\n<p align=\"left\">Indic\u00f3 que no est\u00e1 permitida la introducci\u00f3n de alcohol, armas, transportes motorizados, hieleras, sombrillas, fumar o vapear, ni sillas o bancos.<\/p>\n<p align=\"left\">\n<p align=\"left\">La Sauceda cuenta con atracciones para toda la familia, con costos accesibles, incluyendo los go-karts, con un precio de 30 pesos por paseo, cajas de bateo por 25 pesos la ficha y el golfito por 30 pesos.<\/p>\n<p align=\"left\">\n<p align=\"left\">Adem\u00e1s, se incluye una cartelera de eventos musicales, culturales y recreativos para toda la familia, que se realizar\u00e1 el domingo 30 de marzo y los domingos de abril.<\/p>\n<p align=\"left\">\n<p align=\"left\">En el marco de su programa de educaci\u00f3n ambiental, se realizar\u00e1n jornadas con grupos escolares de lunes a viernes, que incluir\u00e1n recorridos, charlas, actividades de limpieza y reforestaci\u00f3n.<\/p>\n<p align=\"left\">\n<p align=\"left\">Se invita a la comunidad a estar atenta a las publicaciones en todas las redes sociales, que se encuentran como La Sauceda Sonora, para informarse sobre indicaciones y eventos futuros en sus instalaciones.<\/p>\n","protected":false},"excerpt":{"rendered":"<p>Hermosillo, Sonora; 26 de marzo de 2025.- En cumplimiento de los compromisos del gobernador Alfonso Durazo, para que las y los ciudadanos disfruten del Bosque Urbano La Sauceda, se dio a conocer la cartelera de atracciones y actividades acad\u00e9micas, recreativas y musicales que se realizar\u00e1n en marzo y abril. El director general de La Sauceda, [&hellip;]<\/p>\n","protected":false},"author":2,"featured_media":212982,"comment_status":"closed","ping_status":"closed","sticky":false,"template":"","format":"standard","meta":{"footnotes":""},"categories":[12870,178],"tags":[12865,12869],"class_list":["post-212981","post","type-post","status-publish","format-standard","has-post-thumbnail","hentry","category-destacadas","category-local","tag-destacadas","tag-local"],"jetpack_featured_media_url":"https:\/\/rnoticias.com.mx\/Portal\/wp-content\/uploads\/2025\/03\/unnamed-92.jpg","amp_enabled":true,"_links":{"self":[{"href":"https:\/\/rnoticias.com.mx\/Portal\/wp-json\/wp\/v2\/posts\/212981","targetHints":{"allow":["GET"]}}],"collection":[{"href":"https:\/\/rnoticias.com.mx\/Portal\/wp-json\/wp\/v2\/posts"}],"about":[{"href":"https:\/\/rnoticias.com.mx\/Portal\/wp-json\/wp\/v2\/types\/post"}],"author":[{"embeddable":true,"href":"https:\/\/rnoticias.com.mx\/Portal\/wp-json\/wp\/v2\/users\/2"}],"replies":[{"embeddable":true,"href":"https:\/\/rnoticias.com.mx\/Portal\/wp-json\/wp\/v2\/comments?post=212981"}],"version-history":[{"count":1,"href":"https:\/\/rnoticias.com.mx\/Portal\/wp-json\/wp\/v2\/posts\/212981\/revisions"}],"predecessor-version":[{"id":212983,"href":"https:\/\/rnoticias.com.mx\/Portal\/wp-json\/wp\/v2\/posts\/212981\/revisions\/212983"}],"wp:featuredmedia":[{"embeddable":true,"href":"https:\/\/rnoticias.com.mx\/Portal\/wp-json\/wp\/v2\/media\/212982"}],"wp:attachment":[{"href":"https:\/\/rnoticias.com.mx\/Portal\/wp-json\/wp\/v2\/media?parent=212981"}],"wp:term":[{"taxonomy":"category","embeddable":true,"href":"https:\/\/rnoticias.com.mx\/Portal\/wp-json\/wp\/v2\/categories?post=212981"},{"taxonomy":"post_tag","embeddable":true,"href":"https:\/\/rnoticias.com.mx\/Portal\/wp-json\/wp\/v2\/tags?post=212981"}],"curies":[{"name":"wp","href":"https:\/\/api.w.org\/{rel}","templated":true}]}}