{"id":212977,"date":"2025-03-26T20:57:13","date_gmt":"2025-03-26T20:57:13","guid":{"rendered":"https:\/\/rnoticias.com.mx\/Portal\/?p=212977"},"modified":"2025-03-26T20:57:13","modified_gmt":"2025-03-26T20:57:13","slug":"en-90-dias-se-sabra-si-van-o-no-por-pena-de-muerte-para-caro-quintero","status":"publish","type":"post","link":"https:\/\/rnoticias.com.mx\/Portal\/2025\/03\/26\/en-90-dias-se-sabra-si-van-o-no-por-pena-de-muerte-para-caro-quintero\/","title":{"rendered":"En 90 d\u00edas se sabr\u00e1 si van o no por pena de muerte para Caro Quintero"},"content":{"rendered":"<p>El narcotraficante\u00a0<strong>Rafael Caro Quintero<\/strong>\u00a0enfrent\u00f3 este mi\u00e9rcoles en su audiencia de revisi\u00f3n en la Corte Federal de Brooklin, Nueva York, donde el juez dio\u00a0<strong>un plazo de 90 d\u00edas a los fiscales para definir si buscar\u00e1n la pena de muerte para quien fuera l\u00edder del C\u00e1rtel de Guadalajara,<\/strong>\u00a0posteriormente de Sinaloa.<\/p>\n<p>Adem\u00e1s, la Corte decidi\u00f3 asignarle a Caro Quintero una nueva abogada, experta en casos complejos, en vez del abogado de oficio que actualmente lleva el caso del capo, dado que es su vida la que podr\u00eda estar en juego.<\/p>\n<p>El juez Frederic Block, de la corte federal de Brooklyn, en Nueva York, indic\u00f3 que la fiscal\u00eda tiene hasta el 25 de junio para decidir si busca la pena m\u00e1xima para el narcotraficante mexicano, acusado de cuatro delitos: dos de narcotr\u00e1fico internacional, uno por empresa criminal continuada y otro por el asesinato del agente especial de la DEA, Enrique \u201cKiki\u2019 Camarena.<\/p>\n<p>Caro Quintero fue uno de los 29 narcos que el gobierno mexicano entreg\u00f3 a Estados Unidos el pasado 27 de febrero. En su primera comparecencia, el 28 de febrero, el mexicano, de 72 a\u00f1os, se declar\u00f3 inocente de los cargos que se le imputan.<\/p>\n<p>Por ser considerado criminal de alto riesgo, Caro Quintero fue detenido en condiciones de aislamiento en la prisi\u00f3n metropolitana de Brooklyn.<\/p>\n<p>La fiscal Saritha Komatireddy present\u00f3 un escrito se\u00f1alando la decisi\u00f3n de colocar a Caro Quintero bajo\u00a0<strong><em>\u201cmedidas especiales administrativas\u201d,<\/em><\/strong>\u00a0o SMA, que incluyen restricci\u00f3n de comunicaciones y contactos, incluyendo su abogado.<\/p>\n<p>&nbsp;<\/p>\n<p>El Universal<\/p>\n","protected":false},"excerpt":{"rendered":"<p>El narcotraficante\u00a0Rafael Caro Quintero\u00a0enfrent\u00f3 este mi\u00e9rcoles en su audiencia de revisi\u00f3n en la Corte Federal de Brooklin, Nueva York, donde el juez dio\u00a0un plazo de 90 d\u00edas a los fiscales para definir si buscar\u00e1n la pena de muerte para quien fuera l\u00edder del C\u00e1rtel de Guadalajara,\u00a0posteriormente de Sinaloa. Adem\u00e1s, la Corte decidi\u00f3 asignarle a Caro [&hellip;]<\/p>\n","protected":false},"author":2,"featured_media":212978,"comment_status":"closed","ping_status":"closed","sticky":false,"template":"","format":"standard","meta":{"footnotes":""},"categories":[12870,172],"tags":[12865,12874],"class_list":["post-212977","post","type-post","status-publish","format-standard","has-post-thumbnail","hentry","category-destacadas","category-nacional","tag-destacadas","tag-nacional"],"jetpack_featured_media_url":"https:\/\/rnoticias.com.mx\/Portal\/wp-content\/uploads\/2025\/03\/narcotraficante-rafael-caro-quintero-comparecera-ante-un-juez-de-nueva-york-371fe486-focus-0-0-495-370.jpg","amp_enabled":true,"_links":{"self":[{"href":"https:\/\/rnoticias.com.mx\/Portal\/wp-json\/wp\/v2\/posts\/212977","targetHints":{"allow":["GET"]}}],"collection":[{"href":"https:\/\/rnoticias.com.mx\/Portal\/wp-json\/wp\/v2\/posts"}],"about":[{"href":"https:\/\/rnoticias.com.mx\/Portal\/wp-json\/wp\/v2\/types\/post"}],"author":[{"embeddable":true,"href":"https:\/\/rnoticias.com.mx\/Portal\/wp-json\/wp\/v2\/users\/2"}],"replies":[{"embeddable":true,"href":"https:\/\/rnoticias.com.mx\/Portal\/wp-json\/wp\/v2\/comments?post=212977"}],"version-history":[{"count":1,"href":"https:\/\/rnoticias.com.mx\/Portal\/wp-json\/wp\/v2\/posts\/212977\/revisions"}],"predecessor-version":[{"id":212979,"href":"https:\/\/rnoticias.com.mx\/Portal\/wp-json\/wp\/v2\/posts\/212977\/revisions\/212979"}],"wp:featuredmedia":[{"embeddable":true,"href":"https:\/\/rnoticias.com.mx\/Portal\/wp-json\/wp\/v2\/media\/212978"}],"wp:attachment":[{"href":"https:\/\/rnoticias.com.mx\/Portal\/wp-json\/wp\/v2\/media?parent=212977"}],"wp:term":[{"taxonomy":"category","embeddable":true,"href":"https:\/\/rnoticias.com.mx\/Portal\/wp-json\/wp\/v2\/categories?post=212977"},{"taxonomy":"post_tag","embeddable":true,"href":"https:\/\/rnoticias.com.mx\/Portal\/wp-json\/wp\/v2\/tags?post=212977"}],"curies":[{"name":"wp","href":"https:\/\/api.w.org\/{rel}","templated":true}]}}