{"id":212974,"date":"2025-03-26T20:55:58","date_gmt":"2025-03-26T20:55:58","guid":{"rendered":"https:\/\/rnoticias.com.mx\/Portal\/?p=212974"},"modified":"2025-03-26T20:55:58","modified_gmt":"2025-03-26T20:55:58","slug":"uif-desbloquea-cuentas-bancarias-de-ines-gomez-mont-y-su-esposo","status":"publish","type":"post","link":"https:\/\/rnoticias.com.mx\/Portal\/2025\/03\/26\/uif-desbloquea-cuentas-bancarias-de-ines-gomez-mont-y-su-esposo\/","title":{"rendered":"UIF desbloquea cuentas bancarias de In\u00e9s G\u00f3mez Mont y su esposo"},"content":{"rendered":"<p>In\u00e9s<strong>\u00a0G\u00f3mez Mont<\/strong>\u00a0dej\u00f3 de compartir fotos de su familia y de su lujoso estilo de vida desde septiembre de 2021, cuando inform\u00f3, a trav\u00e9s de un comunicado, que se estaban preparando como familia para enfrentar un proceso legal.<\/p>\n<p><strong><em>\u201cA los que nos han hecho llegar sus muestras de apoyo se los agradezco de todo coraz\u00f3n. Sepan que nos estamos preparando para enfrentar este proceso y ejerceremos todos nuestros derechos. Los mantendr\u00e9 informados sobre esta triste pero su situaci\u00f3n gracias por su cari\u00f1o y Dios los bendiga\u201d,\u00a0<\/em><\/strong>comunic\u00f3 entonces.<\/p>\n<p>A m\u00e1s de tres a\u00f1os de la aparici\u00f3n en sus redes de ese primer comunicado para informar su condici\u00f3n legal, Mont, de 41 a\u00f1os, se ha mantenido alejada del ojo p\u00fablico, en sus redes public\u00f3 por \u00faltima vez en enero de 2023 y hace unas horas su nombre se volvi\u00f3 tendencia en las redes.<\/p>\n<div id=\"eldia-418514071\" class=\"eldia-contenido eldia-target\" data-eldia-trackid=\"1573641\" data-eldia-trackbid=\"1\"><\/div>\n<p><strong>\u00bfPor qu\u00e9?,\u00a0<\/strong>porque la Unidad de Inteligencia Financiera (UIF) desbloque\u00f3 hace unos d\u00edas las cuentas bancarias de la presentadora de televisi\u00f3n y de su esposo V\u00edctor Manuel \u00c1lvarez Puga, y retir\u00f3 sus nombres de la Lista de Personas Bloqueadas, por orden de Tribunal Colegiado.<\/p>\n<p>In\u00e9s, quien debut\u00f3 en televisi\u00f3n en 1997, estuvo distanciada de los foros de TV Azteca previo a que estallara el esc\u00e1ndalo legal; In\u00e9s se refugi\u00f3 en su familia y sus seis hijos tras extraerle dos tumores de la cabeza, y recientemente, tras la muerte del conductor de \u201cVentaneando\u201d, Daniel Bisogno, su nombre fue mencionado por Pati Chapoy.<\/p>\n<p>Chapoy la mencion\u00f3 entre la lista de famosos que expresaron su p\u00e9same por la muerte de Bisogno; Gomez Mont estuvo como conductora de \u201cVentaneando\u201d (2005-2009), as\u00ed como en proyectos como\u00a0<strong><em>\u201cVenga la Alegr\u00eda\u201d<\/em><\/strong>\u00a0y<strong><em>\u00a0\u201cFamilias frente al fuego\u201d<\/em><\/strong>\u00a0(2019).<\/p>\n<div class=\"stream-item stream-item-in-post stream-item-inline-post aligncenter\">\n<div class=\"stream-item-size\"><\/div>\n<\/div>\n<h2 class=\"wp-block-heading\">\u00bfPor qu\u00e9 se volvi\u00f3 a hablar de In\u00e9s Gomez Mont?<\/h2>\n<p>In\u00e9s G\u00f3mez Mont y su esposo V\u00edctor Manuel \u00c1lvarez Puga son considerados pr\u00f3fugos de la justicia, ya que la Fiscal\u00eda General de la Rep\u00fablica (FGR) los busca por su presunta responsabilidad en los delitos de delincuencia organizada y operaciones con recursos de procedencia il\u00edcita por 2 mil 950 millones de pesos.<\/p>\n<p>Sin embargo,\u00a0<strong>hace unas horas se dio a conocer que la UIF desbloque\u00f3 las cuentas bancarias de ambos; Magistrados del Tercer Tribunal Colegiado en Materia Administrativa ratificaron el amparo que un juez de Distrito<\/strong>\u00a0concedi\u00f3 a la pareja contra el congelamiento de sus cuentas bancarias y tarjetas de cr\u00e9dito, y declar\u00f3 infundado el recurso de revisi\u00f3n que la UIF de Pablo G\u00f3mez \u00c1lvarez interpuso contra dicha sentencia.<\/p>\n<p>In\u00e9s G\u00f3mez Mont proviene de una familia con influencia pol\u00edtica, su abuelo, Felipe G\u00f3mez Mont, fue fundador del Partido Acci\u00f3n Nacional (PAN), mientras que Fernando G\u00f3mez-Mont Urueta, su t\u00edo, fue secretario de Gobernaci\u00f3n durante el gobierno de Felipe Calder\u00f3n.<\/p>\n<h2 class=\"wp-block-heading\">Trayectoria de In\u00e9s G\u00f3mez Mont en 12 datos<\/h2>\n<ul class=\"wp-block-list\">\n<li><strong>1997: Debut\u00f3 como actriz en la telenovela juvenil \u201cTric Trac\u201d de TV Azteca a los 15 a\u00f1os.<\/strong><\/li>\n<li>2002: Inici\u00f3 su carrera en el departamento de noticias de Fuerza Informativa Azteca (TV Azteca).<\/li>\n<li><strong>2004: Condujo el programa dominical \u201cLos 25+\u201d, donde presentaba conteos de eventos y personajes destacados.<\/strong><\/li>\n<li>2005-2009: Colabor\u00f3 en \u201cVentaneando\u201d, uno de los programas m\u00e1s populares de far\u00e1ndula en M\u00e9xico, bajo la direcci\u00f3n de Paty Chapoy.<\/li>\n<li><strong>2008: Cobertura del Super Bowl XLII, donde se disfraz\u00f3 de novia y le propuso matrimonio a Tom Brady<\/strong>, generando reconocimiento internacional.<\/li>\n<li><strong>2008: Dej\u00f3 \u201cLos 25+\u201d por su embarazo de alto riesgo y fue reemplazada por Mar\u00eda In\u00e9s Guerra.<\/strong><\/li>\n<li>2010: Particip\u00f3 como colaboradora en \u201cVenga la Alegr\u00eda\u201d.<\/li>\n<li>2013: Condujo \u201cDeber\u00edan estar trabajando\u201d.<\/li>\n<li>2015: Apareci\u00f3 como invitada en \u201cEl Hormiguero MX\u201d.<\/li>\n<li><strong>2016-2017: Present\u00f3 \u201c\u00a1Cu\u00e9ntamelo ya!\u201d.<\/strong><\/li>\n<li>2019: Trabaj\u00f3 en \u201cFamilias frente al fuego\u201d, reality show de cocina.<\/li>\n<li><strong>2021: Colabor\u00f3 en \u201cEn sus batallas\u201d como invitada.<\/strong><\/li>\n<\/ul>\n<p>&nbsp;<\/p>\n<p>El Universal<\/p>\n","protected":false},"excerpt":{"rendered":"<p>In\u00e9s\u00a0G\u00f3mez Mont\u00a0dej\u00f3 de compartir fotos de su familia y de su lujoso estilo de vida desde septiembre de 2021, cuando inform\u00f3, a trav\u00e9s de un comunicado, que se estaban preparando como familia para enfrentar un proceso legal. \u201cA los que nos han hecho llegar sus muestras de apoyo se los agradezco de todo coraz\u00f3n. Sepan [&hellip;]<\/p>\n","protected":false},"author":2,"featured_media":212975,"comment_status":"closed","ping_status":"closed","sticky":false,"template":"","format":"standard","meta":{"footnotes":""},"categories":[12870,172],"tags":[12865,12874],"class_list":["post-212974","post","type-post","status-publish","format-standard","has-post-thumbnail","hentry","category-destacadas","category-nacional","tag-destacadas","tag-nacional"],"jetpack_featured_media_url":"https:\/\/rnoticias.com.mx\/Portal\/wp-content\/uploads\/2025\/03\/image-75.webp","amp_enabled":true,"_links":{"self":[{"href":"https:\/\/rnoticias.com.mx\/Portal\/wp-json\/wp\/v2\/posts\/212974","targetHints":{"allow":["GET"]}}],"collection":[{"href":"https:\/\/rnoticias.com.mx\/Portal\/wp-json\/wp\/v2\/posts"}],"about":[{"href":"https:\/\/rnoticias.com.mx\/Portal\/wp-json\/wp\/v2\/types\/post"}],"author":[{"embeddable":true,"href":"https:\/\/rnoticias.com.mx\/Portal\/wp-json\/wp\/v2\/users\/2"}],"replies":[{"embeddable":true,"href":"https:\/\/rnoticias.com.mx\/Portal\/wp-json\/wp\/v2\/comments?post=212974"}],"version-history":[{"count":1,"href":"https:\/\/rnoticias.com.mx\/Portal\/wp-json\/wp\/v2\/posts\/212974\/revisions"}],"predecessor-version":[{"id":212976,"href":"https:\/\/rnoticias.com.mx\/Portal\/wp-json\/wp\/v2\/posts\/212974\/revisions\/212976"}],"wp:featuredmedia":[{"embeddable":true,"href":"https:\/\/rnoticias.com.mx\/Portal\/wp-json\/wp\/v2\/media\/212975"}],"wp:attachment":[{"href":"https:\/\/rnoticias.com.mx\/Portal\/wp-json\/wp\/v2\/media?parent=212974"}],"wp:term":[{"taxonomy":"category","embeddable":true,"href":"https:\/\/rnoticias.com.mx\/Portal\/wp-json\/wp\/v2\/categories?post=212974"},{"taxonomy":"post_tag","embeddable":true,"href":"https:\/\/rnoticias.com.mx\/Portal\/wp-json\/wp\/v2\/tags?post=212974"}],"curies":[{"name":"wp","href":"https:\/\/api.w.org\/{rel}","templated":true}]}}