{"id":212968,"date":"2025-03-26T20:48:09","date_gmt":"2025-03-26T20:48:09","guid":{"rendered":"https:\/\/rnoticias.com.mx\/Portal\/?p=212968"},"modified":"2025-03-26T20:48:09","modified_gmt":"2025-03-26T20:48:09","slug":"nuevo-frente-frio-puede-bajar-las-temperaturas-en-sonora-conagua","status":"publish","type":"post","link":"https:\/\/rnoticias.com.mx\/Portal\/2025\/03\/26\/nuevo-frente-frio-puede-bajar-las-temperaturas-en-sonora-conagua\/","title":{"rendered":"Nuevo frente fr\u00edo puede bajar las temperaturas en Sonora: Conagua"},"content":{"rendered":"<p>&nbsp;<\/p>\n<p>Un nuevo frente fr\u00edo puede ayudar para que en las pr\u00f3ximas horas en Sonora se d\u00e9 una disminuci\u00f3n de temperaturas en especial de las m\u00e1ximas, inform\u00f3 la Comisi\u00f3n Nacional del Agua (Conagua).<\/p>\n<p>&nbsp;<\/p>\n<p>Gilberto Lagarda V\u00e1zquez, especialista t\u00e9cnico de la Conagua, dio a conocer que actualmente en Sonora se siguen presentando temperaturas calurosas en el d\u00eda, con valores m\u00e1s altos entre los 35 a los 40 grados en regiones del centro y sur, pero estas condiciones pueden cambiar este viernes a consecuencia de esa ola de frio.<\/p>\n<p>&nbsp;<\/p>\n<p><strong>\u00a0\u201cEstas condiciones se van a mantener menos estables hasta el viernes cuando esperamos que venga un nuevo frente frio y el cual puede generar un descenso marcado de temperaturas en el estado\u201d, asegur\u00f3,<\/strong><\/p>\n<p>&nbsp;<\/p>\n<p>Abund\u00f3, que no hay posibilidad para la presencia de lluvias en ninguna parte del estado de Sonora y antes de la llegada de ese nuevo de frente fr\u00edo, ciudades como Nogales van a presentar valores m\u00e1ximos de 30 grados, Magdalena de Kino y Hermosillo 34, San Luis R\u00edo Colorado 35 y Cajeme 37 grados cent\u00edgrados.<\/p>\n","protected":false},"excerpt":{"rendered":"<p>&nbsp; Un nuevo frente fr\u00edo puede ayudar para que en las pr\u00f3ximas horas en Sonora se d\u00e9 una disminuci\u00f3n de temperaturas en especial de las m\u00e1ximas, inform\u00f3 la Comisi\u00f3n Nacional del Agua (Conagua). &nbsp; Gilberto Lagarda V\u00e1zquez, especialista t\u00e9cnico de la Conagua, dio a conocer que actualmente en Sonora se siguen presentando temperaturas calurosas en [&hellip;]<\/p>\n","protected":false},"author":2,"featured_media":212969,"comment_status":"closed","ping_status":"closed","sticky":false,"template":"","format":"standard","meta":{"footnotes":""},"categories":[12870,174],"tags":[12865,12873],"class_list":["post-212968","post","type-post","status-publish","format-standard","has-post-thumbnail","hentry","category-destacadas","category-estatal","tag-destacadas","tag-estatal"],"jetpack_featured_media_url":"https:\/\/rnoticias.com.mx\/Portal\/wp-content\/uploads\/2025\/03\/frente-frio.jpg","amp_enabled":true,"_links":{"self":[{"href":"https:\/\/rnoticias.com.mx\/Portal\/wp-json\/wp\/v2\/posts\/212968","targetHints":{"allow":["GET"]}}],"collection":[{"href":"https:\/\/rnoticias.com.mx\/Portal\/wp-json\/wp\/v2\/posts"}],"about":[{"href":"https:\/\/rnoticias.com.mx\/Portal\/wp-json\/wp\/v2\/types\/post"}],"author":[{"embeddable":true,"href":"https:\/\/rnoticias.com.mx\/Portal\/wp-json\/wp\/v2\/users\/2"}],"replies":[{"embeddable":true,"href":"https:\/\/rnoticias.com.mx\/Portal\/wp-json\/wp\/v2\/comments?post=212968"}],"version-history":[{"count":1,"href":"https:\/\/rnoticias.com.mx\/Portal\/wp-json\/wp\/v2\/posts\/212968\/revisions"}],"predecessor-version":[{"id":212970,"href":"https:\/\/rnoticias.com.mx\/Portal\/wp-json\/wp\/v2\/posts\/212968\/revisions\/212970"}],"wp:featuredmedia":[{"embeddable":true,"href":"https:\/\/rnoticias.com.mx\/Portal\/wp-json\/wp\/v2\/media\/212969"}],"wp:attachment":[{"href":"https:\/\/rnoticias.com.mx\/Portal\/wp-json\/wp\/v2\/media?parent=212968"}],"wp:term":[{"taxonomy":"category","embeddable":true,"href":"https:\/\/rnoticias.com.mx\/Portal\/wp-json\/wp\/v2\/categories?post=212968"},{"taxonomy":"post_tag","embeddable":true,"href":"https:\/\/rnoticias.com.mx\/Portal\/wp-json\/wp\/v2\/tags?post=212968"}],"curies":[{"name":"wp","href":"https:\/\/api.w.org\/{rel}","templated":true}]}}