{"id":212964,"date":"2025-03-26T20:43:42","date_gmt":"2025-03-26T20:43:42","guid":{"rendered":"https:\/\/rnoticias.com.mx\/Portal\/?p=212964"},"modified":"2025-03-26T20:45:03","modified_gmt":"2025-03-26T20:45:03","slug":"invitan-a-1er-carrera-fundacion-don-jorge-aguilar-heredia","status":"publish","type":"post","link":"https:\/\/rnoticias.com.mx\/Portal\/2025\/03\/26\/invitan-a-1er-carrera-fundacion-don-jorge-aguilar-heredia\/","title":{"rendered":"Invitan a 1er carrera Fundaci\u00f3n Don Jorge Aguilar Heredia"},"content":{"rendered":"<p>Hacen una invitaci\u00f3n en conjunto la Fundaci\u00f3n Jorge Aguilar Heredia AC y la empresa Coliman Bananas, a la comunidad de corredores, familias y p\u00fablico en general de la ciudad de Hermosillo, para formar parte de la primera carrera 5K y caminata 3K.<\/p>\n<p>&nbsp;<\/p>\n<p>Berenice Dom\u00ednguez Olmedo, subgerente de la fundaci\u00f3n Don Jorge Aguilar Heredia, dio a conocer que esa primera carrera y caminata en su tipo y en la cual se esperan no menos de 300 corredores, va a ser este el 13 de abril en las inmediaciones del estadio Fernando Valenzuela en horario de las 7 a las 10 de la ma\u00f1ana.<\/p>\n<p>&nbsp;<\/p>\n<p><strong>\u00a0\u201cLa carrera que tenemos a celebrarse este pr\u00f3ximo domingo 13 de abril, es con motivo del tercer aniversario de nuestra fundaci\u00f3n y la cual es una fundaci\u00f3n a nivel nacional, trabajamos en tres estados: Sonora, Chiapas y Colima y en tres l\u00edneas que son salud, educaci\u00f3n y desarrollo comunitario\u201d, dijo.<\/strong><\/p>\n<p>&nbsp;<\/p>\n<p>Detall\u00f3, que para esta actividad habr\u00e1 varias categor\u00edas, desde ni\u00f1os de los 7 a\u00f1os hasta adultos de m\u00e1s de 50; la inscripci\u00f3n tendr\u00e1 un costo de 175 pesos y les incluir\u00e1 un kit con una playera oficial, numero de corredor y medalla de participaci\u00f3n.<\/p>\n<p>&nbsp;<\/p>\n<p>Para mayores informes de las inscripciones, pueden enviar WhatsApp o llamar al n\u00famero 6621 300110 y as\u00ed formar parte de esta primera carrera de la fundaci\u00f3n Don Jorge Aguilar Heredia.<\/p>\n<p>&nbsp;<\/p>\n<p>Y, por otra parte, Erika Barrag\u00e1n, Gerente Comercial Sonora de Coliman Bananas, tambi\u00e9n reiter\u00f3 el llamado a la sociedad de corredores de Hermosillo y del resto del estado, para formar parte de esta experiencia, la cual replican igualmente con otras instituciones o fundaciones en la entidad al ser una empresa socialmente responsable.<\/p>\n<p>&nbsp;<\/p>\n<p><strong>\u201cColiman Bananas como el principal patrocinador de la carrera y de la fundaci\u00f3n, est\u00e1 haciendo la invitaci\u00f3n a todas las empresas que se unan a la causa a patrocinar el evento, tambi\u00e9n a clientes, a clubes deportivos a estar presentes en este pr\u00f3ximo evento. Es una gran labor que se hace por el deporte y la causa noble de la Fundaci\u00f3n Don Jorge Aguilar Heredia\u201d, finaliz\u00f3.<\/strong><\/p>\n<p><strong>\u00a0<\/strong><\/p>\n","protected":false},"excerpt":{"rendered":"<p>Hacen una invitaci\u00f3n en conjunto la Fundaci\u00f3n Jorge Aguilar Heredia AC y la empresa Coliman Bananas, a la comunidad de corredores, familias y p\u00fablico en general de la ciudad de Hermosillo, para formar parte de la primera carrera 5K y caminata 3K. &nbsp; Berenice Dom\u00ednguez Olmedo, subgerente de la fundaci\u00f3n Don Jorge Aguilar Heredia, dio [&hellip;]<\/p>\n","protected":false},"author":2,"featured_media":212965,"comment_status":"closed","ping_status":"closed","sticky":false,"template":"","format":"standard","meta":{"footnotes":""},"categories":[188,12870],"tags":[5231,12865],"class_list":["post-212964","post","type-post","status-publish","format-standard","has-post-thumbnail","hentry","category-deportes","category-destacadas","tag-deportes","tag-destacadas"],"jetpack_featured_media_url":"https:\/\/rnoticias.com.mx\/Portal\/wp-content\/uploads\/2025\/03\/WhatsApp-Image-2025-03-26-at-1.34.50-PM.jpeg","amp_enabled":true,"_links":{"self":[{"href":"https:\/\/rnoticias.com.mx\/Portal\/wp-json\/wp\/v2\/posts\/212964","targetHints":{"allow":["GET"]}}],"collection":[{"href":"https:\/\/rnoticias.com.mx\/Portal\/wp-json\/wp\/v2\/posts"}],"about":[{"href":"https:\/\/rnoticias.com.mx\/Portal\/wp-json\/wp\/v2\/types\/post"}],"author":[{"embeddable":true,"href":"https:\/\/rnoticias.com.mx\/Portal\/wp-json\/wp\/v2\/users\/2"}],"replies":[{"embeddable":true,"href":"https:\/\/rnoticias.com.mx\/Portal\/wp-json\/wp\/v2\/comments?post=212964"}],"version-history":[{"count":1,"href":"https:\/\/rnoticias.com.mx\/Portal\/wp-json\/wp\/v2\/posts\/212964\/revisions"}],"predecessor-version":[{"id":212966,"href":"https:\/\/rnoticias.com.mx\/Portal\/wp-json\/wp\/v2\/posts\/212964\/revisions\/212966"}],"wp:featuredmedia":[{"embeddable":true,"href":"https:\/\/rnoticias.com.mx\/Portal\/wp-json\/wp\/v2\/media\/212965"}],"wp:attachment":[{"href":"https:\/\/rnoticias.com.mx\/Portal\/wp-json\/wp\/v2\/media?parent=212964"}],"wp:term":[{"taxonomy":"category","embeddable":true,"href":"https:\/\/rnoticias.com.mx\/Portal\/wp-json\/wp\/v2\/categories?post=212964"},{"taxonomy":"post_tag","embeddable":true,"href":"https:\/\/rnoticias.com.mx\/Portal\/wp-json\/wp\/v2\/tags?post=212964"}],"curies":[{"name":"wp","href":"https:\/\/api.w.org\/{rel}","templated":true}]}}