{"id":212961,"date":"2025-03-26T20:42:35","date_gmt":"2025-03-26T20:42:35","guid":{"rendered":"https:\/\/rnoticias.com.mx\/Portal\/?p=212961"},"modified":"2025-03-26T20:42:35","modified_gmt":"2025-03-26T20:42:35","slug":"dispersaran-entre-productores-sonorenses-800-mdp-sader","status":"publish","type":"post","link":"https:\/\/rnoticias.com.mx\/Portal\/2025\/03\/26\/dispersaran-entre-productores-sonorenses-800-mdp-sader\/","title":{"rendered":"Dispersar\u00e1n entre productores sonorenses 800 MDP: SADER"},"content":{"rendered":"<p>La Secretar\u00eda de Agricultura y Desarrollo Rural (Sader), inform\u00f3 que se dispersar\u00e1n 800 millones de pesos en Sonora con motivo de los precios de garant\u00eda pendientes del ciclo agr\u00edcola 2023-2024.<\/p>\n<p>&nbsp;<\/p>\n<p>Su delegado en Sonora, Juan Manuel Gonz\u00e1lez, se\u00f1al\u00f3 que con ese recurso se apoyar\u00e1 a m\u00e1s de 4 mil productores, en especial a quienes se concentran en los Valles del Yaqui y Mayo donde hay en mayor cantidad.<\/p>\n<p>&nbsp;<\/p>\n<p><strong>\u00a0\u201cSon aproximadamente 800 millones de pesos en el \u00faltimo informe que tenemos y para 4 mil 300 productores del estado de Sonora. Es el ciclo 2023-2024 de los pagos que se hacen del programa de precios de garant\u00eda antes Segalmex. Hay que recordar que se suprime esta dependencia y se abre paso a alimentaci\u00f3n para el bienestar\u201d, dijo.<\/strong><\/p>\n<p><strong>\u00a0<\/strong><\/p>\n<p>Especific\u00f3, que ese retraso en la entrega de esos apoyos fue una situaci\u00f3n inusual, pero confi\u00f3 que, para futuras ocasiones, esas dispersiones que entrega la federaci\u00f3n, se den en tiempo y forma.<\/p>\n<p>&nbsp;<\/p>\n<p>&nbsp;<\/p>\n","protected":false},"excerpt":{"rendered":"<p>La Secretar\u00eda de Agricultura y Desarrollo Rural (Sader), inform\u00f3 que se dispersar\u00e1n 800 millones de pesos en Sonora con motivo de los precios de garant\u00eda pendientes del ciclo agr\u00edcola 2023-2024. &nbsp; Su delegado en Sonora, Juan Manuel Gonz\u00e1lez, se\u00f1al\u00f3 que con ese recurso se apoyar\u00e1 a m\u00e1s de 4 mil productores, en especial a quienes [&hellip;]<\/p>\n","protected":false},"author":2,"featured_media":212962,"comment_status":"closed","ping_status":"closed","sticky":false,"template":"","format":"standard","meta":{"footnotes":""},"categories":[12870,174],"tags":[12865,12873],"class_list":["post-212961","post","type-post","status-publish","format-standard","has-post-thumbnail","hentry","category-destacadas","category-estatal","tag-destacadas","tag-estatal"],"jetpack_featured_media_url":"https:\/\/rnoticias.com.mx\/Portal\/wp-content\/uploads\/2025\/03\/sader_orig.jpg","amp_enabled":true,"_links":{"self":[{"href":"https:\/\/rnoticias.com.mx\/Portal\/wp-json\/wp\/v2\/posts\/212961","targetHints":{"allow":["GET"]}}],"collection":[{"href":"https:\/\/rnoticias.com.mx\/Portal\/wp-json\/wp\/v2\/posts"}],"about":[{"href":"https:\/\/rnoticias.com.mx\/Portal\/wp-json\/wp\/v2\/types\/post"}],"author":[{"embeddable":true,"href":"https:\/\/rnoticias.com.mx\/Portal\/wp-json\/wp\/v2\/users\/2"}],"replies":[{"embeddable":true,"href":"https:\/\/rnoticias.com.mx\/Portal\/wp-json\/wp\/v2\/comments?post=212961"}],"version-history":[{"count":1,"href":"https:\/\/rnoticias.com.mx\/Portal\/wp-json\/wp\/v2\/posts\/212961\/revisions"}],"predecessor-version":[{"id":212963,"href":"https:\/\/rnoticias.com.mx\/Portal\/wp-json\/wp\/v2\/posts\/212961\/revisions\/212963"}],"wp:featuredmedia":[{"embeddable":true,"href":"https:\/\/rnoticias.com.mx\/Portal\/wp-json\/wp\/v2\/media\/212962"}],"wp:attachment":[{"href":"https:\/\/rnoticias.com.mx\/Portal\/wp-json\/wp\/v2\/media?parent=212961"}],"wp:term":[{"taxonomy":"category","embeddable":true,"href":"https:\/\/rnoticias.com.mx\/Portal\/wp-json\/wp\/v2\/categories?post=212961"},{"taxonomy":"post_tag","embeddable":true,"href":"https:\/\/rnoticias.com.mx\/Portal\/wp-json\/wp\/v2\/tags?post=212961"}],"curies":[{"name":"wp","href":"https:\/\/api.w.org\/{rel}","templated":true}]}}