{"id":212954,"date":"2025-03-26T19:41:38","date_gmt":"2025-03-26T19:41:38","guid":{"rendered":"https:\/\/rnoticias.com.mx\/Portal\/?p=212954"},"modified":"2025-03-26T19:41:38","modified_gmt":"2025-03-26T19:41:38","slug":"llama-gobierno-de-sonora-a-vacunarse-contra-influenza-y-covid-19-antes-del-28-de-marzo","status":"publish","type":"post","link":"https:\/\/rnoticias.com.mx\/Portal\/2025\/03\/26\/llama-gobierno-de-sonora-a-vacunarse-contra-influenza-y-covid-19-antes-del-28-de-marzo\/","title":{"rendered":"Llama Gobierno de Sonora a vacunarse contra influenza y covid-19 antes del 28 de marzo"},"content":{"rendered":"<p align=\"justify\">Hermosillo, Sonora; 26 de marzo de 2025. \u2013 La Secretar\u00eda de Salud de Sonora (SSP) hace un llamado a la poblaci\u00f3n para que acuda a vacunarse contra enfermedades respiratorias antes del 28 de marzo, fecha en la que concluye la temporada invernal 2024-2025 y la aplicaci\u00f3n de biol\u00f3gicos contra influenza estacional, covid-19 y neumococo.<\/p>\n<p align=\"justify\">Las vacunas est\u00e1n disponibles en todas las instituciones de salud de los 72 municipios del estado, con especial atenci\u00f3n a los grupos prioritarios. En el caso de la influenza, se recomienda su aplicaci\u00f3n en ni\u00f1as y ni\u00f1os de 6 a 59 meses de edad, mujeres embarazadas, adultos mayores de 60 a\u00f1os, personas de 5 a 59 a\u00f1os con comorbilidades y personal de salud.<\/p>\n<p align=\"justify\">Para la vacuna contra el covid-19, la poblaci\u00f3n objetivo incluye a personas mayores de 5 a\u00f1os que no hayan recibido ninguna dosis, mujeres embarazadas, adultos mayores de 60 a\u00f1os, personas con enfermedades cr\u00f3nicas y personal sanitario.<\/p>\n<p align=\"justify\">La SSP exhorta a la ciudadan\u00eda a no dejar pasar esta oportunidad y acudir a su centro de salud m\u00e1s cercano o a cualquier unidad de salud antes del 28 de marzo. La vacunaci\u00f3n es gratuita, universal y una de las medidas m\u00e1s efectivas para proteger la salud de la poblaci\u00f3n durante la temporada invernal.<\/p>\n","protected":false},"excerpt":{"rendered":"<p>Hermosillo, Sonora; 26 de marzo de 2025. \u2013 La Secretar\u00eda de Salud de Sonora (SSP) hace un llamado a la poblaci\u00f3n para que acuda a vacunarse contra enfermedades respiratorias antes del 28 de marzo, fecha en la que concluye la temporada invernal 2024-2025 y la aplicaci\u00f3n de biol\u00f3gicos contra influenza estacional, covid-19 y neumococo. Las [&hellip;]<\/p>\n","protected":false},"author":2,"featured_media":212955,"comment_status":"closed","ping_status":"closed","sticky":false,"template":"","format":"standard","meta":{"footnotes":""},"categories":[12870,178],"tags":[12865,12869],"class_list":["post-212954","post","type-post","status-publish","format-standard","has-post-thumbnail","hentry","category-destacadas","category-local","tag-destacadas","tag-local"],"jetpack_featured_media_url":"https:\/\/rnoticias.com.mx\/Portal\/wp-content\/uploads\/2025\/03\/unnamed-91.jpg","amp_enabled":true,"_links":{"self":[{"href":"https:\/\/rnoticias.com.mx\/Portal\/wp-json\/wp\/v2\/posts\/212954","targetHints":{"allow":["GET"]}}],"collection":[{"href":"https:\/\/rnoticias.com.mx\/Portal\/wp-json\/wp\/v2\/posts"}],"about":[{"href":"https:\/\/rnoticias.com.mx\/Portal\/wp-json\/wp\/v2\/types\/post"}],"author":[{"embeddable":true,"href":"https:\/\/rnoticias.com.mx\/Portal\/wp-json\/wp\/v2\/users\/2"}],"replies":[{"embeddable":true,"href":"https:\/\/rnoticias.com.mx\/Portal\/wp-json\/wp\/v2\/comments?post=212954"}],"version-history":[{"count":1,"href":"https:\/\/rnoticias.com.mx\/Portal\/wp-json\/wp\/v2\/posts\/212954\/revisions"}],"predecessor-version":[{"id":212956,"href":"https:\/\/rnoticias.com.mx\/Portal\/wp-json\/wp\/v2\/posts\/212954\/revisions\/212956"}],"wp:featuredmedia":[{"embeddable":true,"href":"https:\/\/rnoticias.com.mx\/Portal\/wp-json\/wp\/v2\/media\/212955"}],"wp:attachment":[{"href":"https:\/\/rnoticias.com.mx\/Portal\/wp-json\/wp\/v2\/media?parent=212954"}],"wp:term":[{"taxonomy":"category","embeddable":true,"href":"https:\/\/rnoticias.com.mx\/Portal\/wp-json\/wp\/v2\/categories?post=212954"},{"taxonomy":"post_tag","embeddable":true,"href":"https:\/\/rnoticias.com.mx\/Portal\/wp-json\/wp\/v2\/tags?post=212954"}],"curies":[{"name":"wp","href":"https:\/\/api.w.org\/{rel}","templated":true}]}}