{"id":212948,"date":"2025-03-26T19:33:00","date_gmt":"2025-03-26T19:33:00","guid":{"rendered":"https:\/\/rnoticias.com.mx\/Portal\/?p=212948"},"modified":"2025-03-26T19:33:00","modified_gmt":"2025-03-26T19:33:00","slug":"impulsa-gobierno-de-sonora-apertura-de-programas-educativos-en-materia-de-salud","status":"publish","type":"post","link":"https:\/\/rnoticias.com.mx\/Portal\/2025\/03\/26\/impulsa-gobierno-de-sonora-apertura-de-programas-educativos-en-materia-de-salud\/","title":{"rendered":"Impulsa Gobierno de Sonora apertura de programas educativos en materia de salud"},"content":{"rendered":"<p align=\"justify\">Hermosillo, Sonora; 26 de marzo de 2025.- En atenci\u00f3n a la demanda social actual en materia de salud p\u00fablica, la Universidad Tecnol\u00f3gica del Sur de Sonora (UTS) y el Instituto de Seguridad y Servicios Sociales de los Trabajadores del Estado de Sonora (Isssteson) colaborar\u00e1n en la implementaci\u00f3n de la licenciatura en Enfermer\u00eda.<\/p>\n<p align=\"justify\">Sergio Pablo Mariscal Alvarado, rector de UTS y Luis Alonso Osuna Cota, director general de Isssteson firmaron un convenio de colaboraci\u00f3n, que tiene como objetivo que los estudiantes de T\u00e9cnico Superior Universitario (TSU) y de licenciatura en Enfermer\u00eda de la UTS, puedan realizar sus estad\u00edas profesionales en dicha instituci\u00f3n de salud.<\/p>\n<p align=\"justify\">Asimismo, resalt\u00f3 Mariscal Alvarado, alumnado de otras carreras de la misma universidad, como ingenier\u00eda Mecatr\u00f3nica, Mantenimiento Industrial y de la licenciatura en Administraci\u00f3n, entre otras, adquieran habilidades profesionales mediante pr\u00e1cticas en el Isssteson.<\/p>\n<p align=\"justify\">El rector de la UTS enfatiz\u00f3 que el acuerdo tambi\u00e9n posibilita que se coordinen esfuerzos de los cuerpos acad\u00e9micos de ambas instituciones para que se elaboren e instrumenten proyectos con el apoyo de los estudiantes de la licenciatura en Enfermer\u00eda, los cuales impacten en la calidad del servicio que presta el instituto a la derechohabiencia.<\/p>\n<p align=\"justify\">Por su parte, Osuna Cota destac\u00f3 el valor de la pr\u00e1ctica real en la formaci\u00f3n de profesionales de la salud, por lo que refrend\u00f3 el compromiso para facilitar los campos cl\u00ednicos mediante programas dise\u00f1ados espec\u00edficamente para los TSU y profesionales de Enfermer\u00eda, que les permita realizar su ejercicio profesional previo a la incorporaci\u00f3n definitiva en el sistema de salud p\u00fablico o privado.<\/p>\n","protected":false},"excerpt":{"rendered":"<p>Hermosillo, Sonora; 26 de marzo de 2025.- En atenci\u00f3n a la demanda social actual en materia de salud p\u00fablica, la Universidad Tecnol\u00f3gica del Sur de Sonora (UTS) y el Instituto de Seguridad y Servicios Sociales de los Trabajadores del Estado de Sonora (Isssteson) colaborar\u00e1n en la implementaci\u00f3n de la licenciatura en Enfermer\u00eda. Sergio Pablo Mariscal [&hellip;]<\/p>\n","protected":false},"author":2,"featured_media":212949,"comment_status":"closed","ping_status":"closed","sticky":false,"template":"","format":"standard","meta":{"footnotes":""},"categories":[12870,178],"tags":[12865,12869],"class_list":["post-212948","post","type-post","status-publish","format-standard","has-post-thumbnail","hentry","category-destacadas","category-local","tag-destacadas","tag-local"],"jetpack_featured_media_url":"https:\/\/rnoticias.com.mx\/Portal\/wp-content\/uploads\/2025\/03\/unnamed-90.jpg","amp_enabled":true,"_links":{"self":[{"href":"https:\/\/rnoticias.com.mx\/Portal\/wp-json\/wp\/v2\/posts\/212948","targetHints":{"allow":["GET"]}}],"collection":[{"href":"https:\/\/rnoticias.com.mx\/Portal\/wp-json\/wp\/v2\/posts"}],"about":[{"href":"https:\/\/rnoticias.com.mx\/Portal\/wp-json\/wp\/v2\/types\/post"}],"author":[{"embeddable":true,"href":"https:\/\/rnoticias.com.mx\/Portal\/wp-json\/wp\/v2\/users\/2"}],"replies":[{"embeddable":true,"href":"https:\/\/rnoticias.com.mx\/Portal\/wp-json\/wp\/v2\/comments?post=212948"}],"version-history":[{"count":1,"href":"https:\/\/rnoticias.com.mx\/Portal\/wp-json\/wp\/v2\/posts\/212948\/revisions"}],"predecessor-version":[{"id":212950,"href":"https:\/\/rnoticias.com.mx\/Portal\/wp-json\/wp\/v2\/posts\/212948\/revisions\/212950"}],"wp:featuredmedia":[{"embeddable":true,"href":"https:\/\/rnoticias.com.mx\/Portal\/wp-json\/wp\/v2\/media\/212949"}],"wp:attachment":[{"href":"https:\/\/rnoticias.com.mx\/Portal\/wp-json\/wp\/v2\/media?parent=212948"}],"wp:term":[{"taxonomy":"category","embeddable":true,"href":"https:\/\/rnoticias.com.mx\/Portal\/wp-json\/wp\/v2\/categories?post=212948"},{"taxonomy":"post_tag","embeddable":true,"href":"https:\/\/rnoticias.com.mx\/Portal\/wp-json\/wp\/v2\/tags?post=212948"}],"curies":[{"name":"wp","href":"https:\/\/api.w.org\/{rel}","templated":true}]}}