{"id":212908,"date":"2025-03-26T13:35:06","date_gmt":"2025-03-26T13:35:06","guid":{"rendered":"https:\/\/rnoticias.com.mx\/Portal\/?p=212908"},"modified":"2025-03-26T13:35:06","modified_gmt":"2025-03-26T13:35:06","slug":"cuauhtemoc-blanco-asegura-que-no-ha-cometido-ningun-delito","status":"publish","type":"post","link":"https:\/\/rnoticias.com.mx\/Portal\/2025\/03\/26\/cuauhtemoc-blanco-asegura-que-no-ha-cometido-ningun-delito\/","title":{"rendered":"Cuauht\u00e9moc Blanco asegura que no ha cometido ning\u00fan delito"},"content":{"rendered":"<p>Antes de que el pleno discuta si se admite o no la solicitud de desafuero en contra de Cuauht\u00e9moc Blanco por presunto abuso sexual, diputadas de Morena arroparon al pol\u00edtico mexicano en una reuni\u00f3n previa en la C\u00e1mara de Diputados.<\/p>\n<p>En dicha reuni\u00f3n, el exgobernador de Morelos asegur\u00f3 que no ha cometido ning\u00fan delito, y que las acusaciones provienen del exfiscal Uriel Carmona, a quien lig\u00f3 al crimen organizado. &#8220;El fiscal est\u00e1 metido en el narcotr\u00e1fico, por eso siempre tuvimos estas diferencias con \u00e9l&#8221;, dijo.<\/p>\n<p><mark><strong>&#8220;Soy incapaz de violar a una mujer, tengo principios, tengo educaci\u00f3n, esa educaci\u00f3n me la dio mi madre, somos seis hermanos. No soy un asesino, ni un ratero, ni un violador, estoy cansado de esto&#8221;<\/strong><\/mark>, expres\u00f3 a sus compa\u00f1eros de bancada.<\/p>\n<p>En una pausa que hizo, las diputadas de Morena arroparon al Cuauht\u00e9moc Blanco, al grito de &#8220;no est\u00e1s solo, no est\u00e1s solo&#8221;. A\u00f1adi\u00f3 que no existen pruebas en su contra.<\/p>\n<p><mark><strong>&#8220;Es injusto lo que est\u00e1n haciendo, yo respeto, tengo dos hijas. He sacado la casta adelante por mi familia. Me cost\u00f3 mucho lograr lo que logr\u00e9, ser futbolista, ser uno de los mejores futbolistas de M\u00e9xico, y aqu\u00ed estoy, y se me est\u00e1 acusando injustamente, con ese g\u00fcey tenemos diferencias, pero no hay ninguna prueba lo hizo el fiscal&#8221;<\/strong><\/mark>, dijo.<\/p>\n<h3>Cuauht\u00e9moc Blanco niega estar involucrado en homicidio de Juan Manuel Garc\u00eda Bejarano<\/h3>\n<p>Cuauht\u00e9moc Blanco tambi\u00e9n neg\u00f3 que est\u00e9 involucrado en el homicidio de Juan Manuel Garc\u00eda Bejarano, ocurrido en 2017, como acus\u00f3 Jos\u00e9 Fierro, autor material del crimen.<\/p>\n<p>&#8220;Ahorita tambi\u00e9n sale otro video que ahora soy un asesino, yo ahorita creo que, lo platiqu\u00e9 con Ricardo (Monreal)\u2026 estaba de vacaciones, cuando asesinan a esta persona, me echan la culpa a m\u00ed, y s\u00ed estuve a punto de ir a la c\u00e1rcel\u2026 entonces me tuve que regresar a dar la cara&#8221;, explic\u00f3.<\/p>\n","protected":false},"excerpt":{"rendered":"<p>Antes de que el pleno discuta si se admite o no la solicitud de desafuero en contra de Cuauht\u00e9moc Blanco por presunto abuso sexual, diputadas de Morena arroparon al pol\u00edtico mexicano en una reuni\u00f3n previa en la C\u00e1mara de Diputados. En dicha reuni\u00f3n, el exgobernador de Morelos asegur\u00f3 que no ha cometido ning\u00fan delito, y [&hellip;]<\/p>\n","protected":false},"author":2,"featured_media":212909,"comment_status":"closed","ping_status":"closed","sticky":false,"template":"","format":"standard","meta":{"footnotes":""},"categories":[12870,172],"tags":[12865,12874],"class_list":["post-212908","post","type-post","status-publish","format-standard","has-post-thumbnail","hentry","category-destacadas","category-nacional","tag-destacadas","tag-nacional"],"jetpack_featured_media_url":"https:\/\/rnoticias.com.mx\/Portal\/wp-content\/uploads\/2025\/03\/f425x230-107689_121671_5050.webp","amp_enabled":true,"_links":{"self":[{"href":"https:\/\/rnoticias.com.mx\/Portal\/wp-json\/wp\/v2\/posts\/212908","targetHints":{"allow":["GET"]}}],"collection":[{"href":"https:\/\/rnoticias.com.mx\/Portal\/wp-json\/wp\/v2\/posts"}],"about":[{"href":"https:\/\/rnoticias.com.mx\/Portal\/wp-json\/wp\/v2\/types\/post"}],"author":[{"embeddable":true,"href":"https:\/\/rnoticias.com.mx\/Portal\/wp-json\/wp\/v2\/users\/2"}],"replies":[{"embeddable":true,"href":"https:\/\/rnoticias.com.mx\/Portal\/wp-json\/wp\/v2\/comments?post=212908"}],"version-history":[{"count":1,"href":"https:\/\/rnoticias.com.mx\/Portal\/wp-json\/wp\/v2\/posts\/212908\/revisions"}],"predecessor-version":[{"id":212910,"href":"https:\/\/rnoticias.com.mx\/Portal\/wp-json\/wp\/v2\/posts\/212908\/revisions\/212910"}],"wp:featuredmedia":[{"embeddable":true,"href":"https:\/\/rnoticias.com.mx\/Portal\/wp-json\/wp\/v2\/media\/212909"}],"wp:attachment":[{"href":"https:\/\/rnoticias.com.mx\/Portal\/wp-json\/wp\/v2\/media?parent=212908"}],"wp:term":[{"taxonomy":"category","embeddable":true,"href":"https:\/\/rnoticias.com.mx\/Portal\/wp-json\/wp\/v2\/categories?post=212908"},{"taxonomy":"post_tag","embeddable":true,"href":"https:\/\/rnoticias.com.mx\/Portal\/wp-json\/wp\/v2\/tags?post=212908"}],"curies":[{"name":"wp","href":"https:\/\/api.w.org\/{rel}","templated":true}]}}