{"id":212874,"date":"2025-03-25T23:40:11","date_gmt":"2025-03-25T23:40:11","guid":{"rendered":"https:\/\/rnoticias.com.mx\/Portal\/?p=212874"},"modified":"2025-03-25T23:40:11","modified_gmt":"2025-03-25T23:40:11","slug":"hermosillo-hace-historia-al-recibir-la-primera-concesion-de-radio-publica-tono-astiazaran","status":"publish","type":"post","link":"https:\/\/rnoticias.com.mx\/Portal\/2025\/03\/25\/hermosillo-hace-historia-al-recibir-la-primera-concesion-de-radio-publica-tono-astiazaran\/","title":{"rendered":"Hermosillo hace historia al recibir la primera concesi\u00f3n de radio p\u00fablica: To\u00f1o Astiazar\u00e1n"},"content":{"rendered":"<p>Hermosillo, Sonora, 25 de marzo, 2025.- La H hace historia al recibir la primera concesi\u00f3n p\u00fablica de radio para Hermosillo inform\u00f3 el presidente municipal Antonio Astiazar\u00e1n al obtener por parte del Instituto Federal de Telecomunicaciones (IFT) la autorizaci\u00f3n para fortalecer la cercan\u00eda con la poblaci\u00f3n a trav\u00e9s de La H 89.3 FM.<\/p>\n<p>Desde las instalaciones del IFT en la Ciudad de M\u00e9xico comparti\u00f3 su entusiasmo sobre esta concesi\u00f3n que marca un antes y un despu\u00e9s en Hermosillo a trav\u00e9s de una radio con enfoque social para dar a conocer acciones del ayuntamiento y campa\u00f1as desde salud hasta culturales.<\/p>\n<p>\u201cHoy Hermosillo acaba de recibir su primera concesi\u00f3n de radio p\u00fablica con la que podremos acceder a mucha informaci\u00f3n importante sobre las acciones del Gobierno Municipal y por supuesto promover muchas campa\u00f1as de salud, educaci\u00f3n, seguridad p\u00fablica, prevenci\u00f3n de adicciones, as\u00ed como tambi\u00e9n, difundir los muchos eventos art\u00edsticos y culturales que tenemos en nuestra ciudad\u201d, agreg\u00f3.<\/p>\n<p>To\u00f1o Astiazar\u00e1n recibi\u00f3 por parte de Javier Ju\u00e1rez Mojica, comisionado presidente de IFT, la concesi\u00f3n con una vigencia de 15 a\u00f1os que tambi\u00e9n permitir\u00e1 extender los servicios de internet gratuitos a m\u00e1s rincones de Hermosillo que representar\u00e1 un impacto positivo a la ciudadan\u00eda.<\/p>\n<p>El Gobierno Municipal contin\u00faa fortaleciendo su cercan\u00eda con hermosillenses a trav\u00e9s de acciones y programas que buscan mejorar la calidad de vida de sus habitantes, as\u00ed como tambi\u00e9n, fortalecer la identidad de Hermosillo.<\/p>\n","protected":false},"excerpt":{"rendered":"<p>Hermosillo, Sonora, 25 de marzo, 2025.- La H hace historia al recibir la primera concesi\u00f3n p\u00fablica de radio para Hermosillo inform\u00f3 el presidente municipal Antonio Astiazar\u00e1n al obtener por parte del Instituto Federal de Telecomunicaciones (IFT) la autorizaci\u00f3n para fortalecer la cercan\u00eda con la poblaci\u00f3n a trav\u00e9s de La H 89.3 FM. Desde las instalaciones [&hellip;]<\/p>\n","protected":false},"author":2,"featured_media":212875,"comment_status":"closed","ping_status":"closed","sticky":false,"template":"","format":"standard","meta":{"footnotes":""},"categories":[12870,178],"tags":[12865,12869],"class_list":["post-212874","post","type-post","status-publish","format-standard","has-post-thumbnail","hentry","category-destacadas","category-local","tag-destacadas","tag-local"],"jetpack_featured_media_url":"https:\/\/rnoticias.com.mx\/Portal\/wp-content\/uploads\/2025\/03\/533af0b1-e08c-43fd-a44c-dab024608e95-scaled.jpg","amp_enabled":true,"_links":{"self":[{"href":"https:\/\/rnoticias.com.mx\/Portal\/wp-json\/wp\/v2\/posts\/212874","targetHints":{"allow":["GET"]}}],"collection":[{"href":"https:\/\/rnoticias.com.mx\/Portal\/wp-json\/wp\/v2\/posts"}],"about":[{"href":"https:\/\/rnoticias.com.mx\/Portal\/wp-json\/wp\/v2\/types\/post"}],"author":[{"embeddable":true,"href":"https:\/\/rnoticias.com.mx\/Portal\/wp-json\/wp\/v2\/users\/2"}],"replies":[{"embeddable":true,"href":"https:\/\/rnoticias.com.mx\/Portal\/wp-json\/wp\/v2\/comments?post=212874"}],"version-history":[{"count":1,"href":"https:\/\/rnoticias.com.mx\/Portal\/wp-json\/wp\/v2\/posts\/212874\/revisions"}],"predecessor-version":[{"id":212876,"href":"https:\/\/rnoticias.com.mx\/Portal\/wp-json\/wp\/v2\/posts\/212874\/revisions\/212876"}],"wp:featuredmedia":[{"embeddable":true,"href":"https:\/\/rnoticias.com.mx\/Portal\/wp-json\/wp\/v2\/media\/212875"}],"wp:attachment":[{"href":"https:\/\/rnoticias.com.mx\/Portal\/wp-json\/wp\/v2\/media?parent=212874"}],"wp:term":[{"taxonomy":"category","embeddable":true,"href":"https:\/\/rnoticias.com.mx\/Portal\/wp-json\/wp\/v2\/categories?post=212874"},{"taxonomy":"post_tag","embeddable":true,"href":"https:\/\/rnoticias.com.mx\/Portal\/wp-json\/wp\/v2\/tags?post=212874"}],"curies":[{"name":"wp","href":"https:\/\/api.w.org\/{rel}","templated":true}]}}