{"id":212854,"date":"2025-03-25T20:23:38","date_gmt":"2025-03-25T20:23:38","guid":{"rendered":"https:\/\/rnoticias.com.mx\/Portal\/?p=212854"},"modified":"2025-03-25T20:23:38","modified_gmt":"2025-03-25T20:23:38","slug":"requiere-fundacion-don-juan-navarrete-y-guerrero-apoyo-para-su-bazar","status":"publish","type":"post","link":"https:\/\/rnoticias.com.mx\/Portal\/2025\/03\/25\/requiere-fundacion-don-juan-navarrete-y-guerrero-apoyo-para-su-bazar\/","title":{"rendered":"Requiere Fundaci\u00f3n Don Juan Navarrete y Guerrero apoyo para su bazar"},"content":{"rendered":"<p>Hace un llamado la Fundaci\u00f3n Don Juan Navarrete y Guerrero I.A.P a la sociedad para sumarse a trav\u00e9s de donaciones diversas y contribuir con su bazar, el cual ayuda para brindarles desayunos a ni\u00f1as y ni\u00f1os de escasos recursos.<\/p>\n<p>&nbsp;<\/p>\n<p>Miriam Salas \u00c1lvarez, directora operativa de la fundaci\u00f3n, se\u00f1al\u00f3 que se est\u00e1 invitando a la comunidad hermosillense y sonorense a donarles diversos art\u00edculos en buen estado como ropa, juguetes, art\u00edculos del hogar y los cuales son vendidos a quien lo desee a trav\u00e9s del bazar de la instituci\u00f3n.<\/p>\n<p>&nbsp;<\/p>\n<p><strong>\u00a0\u201cPodemos recibir ropa, art\u00edculos de cocina, de oficina, cosas que podamos de alguna manera poner al alcance de la comunidad a un bajo costo y lo que se re\u00fana como cuota de recuperaci\u00f3n al final del d\u00eda se regresa a la sociedad en los programas de su misma comunidad\u201d, cont\u00f3. <\/strong><\/p>\n<p><strong>\u00a0<\/strong><\/p>\n<p>Detall\u00f3, que las personas que deseen donarles, pueden acudir a las instalaciones de su oficina operativa que se ubica en la calle San Luis Potos\u00ed #53 colonia centro Oriente, en horario de 0930 de la ma\u00f1ana a 3:30 de la tarde, de lunes a viernes o llamar al tel\u00e9fono 6624 33 2241.<\/p>\n","protected":false},"excerpt":{"rendered":"<p>Hace un llamado la Fundaci\u00f3n Don Juan Navarrete y Guerrero I.A.P a la sociedad para sumarse a trav\u00e9s de donaciones diversas y contribuir con su bazar, el cual ayuda para brindarles desayunos a ni\u00f1as y ni\u00f1os de escasos recursos. &nbsp; Miriam Salas \u00c1lvarez, directora operativa de la fundaci\u00f3n, se\u00f1al\u00f3 que se est\u00e1 invitando a la [&hellip;]<\/p>\n","protected":false},"author":2,"featured_media":212855,"comment_status":"closed","ping_status":"closed","sticky":false,"template":"","format":"standard","meta":{"footnotes":""},"categories":[12870,178],"tags":[12865,12869],"class_list":["post-212854","post","type-post","status-publish","format-standard","has-post-thumbnail","hentry","category-destacadas","category-local","tag-destacadas","tag-local"],"jetpack_featured_media_url":"https:\/\/rnoticias.com.mx\/Portal\/wp-content\/uploads\/2025\/03\/a0df869f-8dab-4c91-99c0-5de2fbe70c80.jpg","amp_enabled":true,"_links":{"self":[{"href":"https:\/\/rnoticias.com.mx\/Portal\/wp-json\/wp\/v2\/posts\/212854","targetHints":{"allow":["GET"]}}],"collection":[{"href":"https:\/\/rnoticias.com.mx\/Portal\/wp-json\/wp\/v2\/posts"}],"about":[{"href":"https:\/\/rnoticias.com.mx\/Portal\/wp-json\/wp\/v2\/types\/post"}],"author":[{"embeddable":true,"href":"https:\/\/rnoticias.com.mx\/Portal\/wp-json\/wp\/v2\/users\/2"}],"replies":[{"embeddable":true,"href":"https:\/\/rnoticias.com.mx\/Portal\/wp-json\/wp\/v2\/comments?post=212854"}],"version-history":[{"count":1,"href":"https:\/\/rnoticias.com.mx\/Portal\/wp-json\/wp\/v2\/posts\/212854\/revisions"}],"predecessor-version":[{"id":212856,"href":"https:\/\/rnoticias.com.mx\/Portal\/wp-json\/wp\/v2\/posts\/212854\/revisions\/212856"}],"wp:featuredmedia":[{"embeddable":true,"href":"https:\/\/rnoticias.com.mx\/Portal\/wp-json\/wp\/v2\/media\/212855"}],"wp:attachment":[{"href":"https:\/\/rnoticias.com.mx\/Portal\/wp-json\/wp\/v2\/media?parent=212854"}],"wp:term":[{"taxonomy":"category","embeddable":true,"href":"https:\/\/rnoticias.com.mx\/Portal\/wp-json\/wp\/v2\/categories?post=212854"},{"taxonomy":"post_tag","embeddable":true,"href":"https:\/\/rnoticias.com.mx\/Portal\/wp-json\/wp\/v2\/tags?post=212854"}],"curies":[{"name":"wp","href":"https:\/\/api.w.org\/{rel}","templated":true}]}}