{"id":212851,"date":"2025-03-25T20:22:08","date_gmt":"2025-03-25T20:22:08","guid":{"rendered":"https:\/\/rnoticias.com.mx\/Portal\/?p=212851"},"modified":"2025-03-25T20:22:08","modified_gmt":"2025-03-25T20:22:08","slug":"solicitan-abogados-mas-informacion-de-autoridades-electorales-por-eleccion-de-proximo-1-de-junio","status":"publish","type":"post","link":"https:\/\/rnoticias.com.mx\/Portal\/2025\/03\/25\/solicitan-abogados-mas-informacion-de-autoridades-electorales-por-eleccion-de-proximo-1-de-junio\/","title":{"rendered":"Solicitan abogados m\u00e1s informaci\u00f3n de autoridades electorales por elecci\u00f3n de pr\u00f3ximo 1 de junio"},"content":{"rendered":"<p>Hace un llamado la Barra Mexicana Colegio de Abogados Cap\u00edtulo Sonora, al Instituto Estatal Electoral (IEE) y al Instituto Nacional Electoral (INE), para que haya una campa\u00f1a intensiva sobre la elecci\u00f3n del 1 de junio y en donde se renovar\u00e1 al Poder Judicial en todo el pa\u00eds.<\/p>\n<p>&nbsp;<\/p>\n<p>Omar Guillen Partida, presidente de la comisi\u00f3n de derecho empresarial de esa Barra de Abogados en Sonora, expuso que la comunidad jur\u00eddica est\u00e1 sumamente preocupada porque en el proceso del 1 de junio donde se elegir\u00e1n 50 cargos en Sonora, entre ellos 39 jueces y el resto de magistrados y a la fecha consideran hay mucha desinformaci\u00f3n al respecto.<\/p>\n<p>&nbsp;<\/p>\n<p><strong>\u00a0\u201cCreo que en esa parte es donde surge m\u00e1s la preocupaci\u00f3n porque no vemos que el Instituto Estatal Electoral est\u00e9 realizando alguna campa\u00f1a donde pueda el ciudadano com\u00fan conocer m\u00e1s de este proceso, de cu\u00e1les son los cargos que se elegir\u00e1n, de donde estar\u00e1n las casillas, cu\u00e1ntas boletas se les entregar\u00e1n y conocer a los perfiles que van a participar en esta ocasi\u00f3n\u201d, dijo.<\/strong><\/p>\n<p><strong>\u00a0<\/strong><\/p>\n<p>Consider\u00f3, que al observar que no existe toda esa informaci\u00f3n a la mayor parte de la sociedad en Sonora a menos de 70 d\u00edas para esa elecci\u00f3n, es lo que genera esa preocupaci\u00f3n, ya que pr\u00e1cticamente en manos de estos nuevos jueces estar\u00e1 la vida, la libertad y el patrimonio de los sonorenses.<\/p>\n<p>&nbsp;<\/p>\n<p>Agreg\u00f3, que de no reforzar esa campa\u00f1a informativa y del perfil de los aspirantes a esos cargos a Sonora y a nivel federal, se corre un gran riesgo que adem\u00e1s que lleguen personas no adecuadas para ocupar esos puestos, genere que no se registre una participaci\u00f3n adecuada por parte de la ciudadan\u00eda.<\/p>\n<p>&nbsp;<\/p>\n<p>Por \u00faltimo, Omar Guill\u00e9n le solicit\u00f3 a la poblaci\u00f3n en Sonora, darse el tiempo para conocer a las y los candidatos que deber\u00e1n de iniciar sus campa\u00f1as este 30 de marzo, revisando sus perfiles y posteriormente ejercer su derecho a votar el domingo 1 de junio.<\/p>\n<p>&nbsp;<\/p>\n<p>&nbsp;<\/p>\n<p>&nbsp;<\/p>\n","protected":false},"excerpt":{"rendered":"<p>Hace un llamado la Barra Mexicana Colegio de Abogados Cap\u00edtulo Sonora, al Instituto Estatal Electoral (IEE) y al Instituto Nacional Electoral (INE), para que haya una campa\u00f1a intensiva sobre la elecci\u00f3n del 1 de junio y en donde se renovar\u00e1 al Poder Judicial en todo el pa\u00eds. &nbsp; Omar Guillen Partida, presidente de la comisi\u00f3n [&hellip;]<\/p>\n","protected":false},"author":2,"featured_media":212852,"comment_status":"closed","ping_status":"closed","sticky":false,"template":"","format":"standard","meta":{"footnotes":""},"categories":[12870,174],"tags":[12865,12873],"class_list":["post-212851","post","type-post","status-publish","format-standard","has-post-thumbnail","hentry","category-destacadas","category-estatal","tag-destacadas","tag-estatal"],"jetpack_featured_media_url":"https:\/\/rnoticias.com.mx\/Portal\/wp-content\/uploads\/2025\/03\/WhatsApp-Image-2024-08-20-at-3.22.39-PM-1024x768-1.jpeg","amp_enabled":true,"_links":{"self":[{"href":"https:\/\/rnoticias.com.mx\/Portal\/wp-json\/wp\/v2\/posts\/212851","targetHints":{"allow":["GET"]}}],"collection":[{"href":"https:\/\/rnoticias.com.mx\/Portal\/wp-json\/wp\/v2\/posts"}],"about":[{"href":"https:\/\/rnoticias.com.mx\/Portal\/wp-json\/wp\/v2\/types\/post"}],"author":[{"embeddable":true,"href":"https:\/\/rnoticias.com.mx\/Portal\/wp-json\/wp\/v2\/users\/2"}],"replies":[{"embeddable":true,"href":"https:\/\/rnoticias.com.mx\/Portal\/wp-json\/wp\/v2\/comments?post=212851"}],"version-history":[{"count":1,"href":"https:\/\/rnoticias.com.mx\/Portal\/wp-json\/wp\/v2\/posts\/212851\/revisions"}],"predecessor-version":[{"id":212853,"href":"https:\/\/rnoticias.com.mx\/Portal\/wp-json\/wp\/v2\/posts\/212851\/revisions\/212853"}],"wp:featuredmedia":[{"embeddable":true,"href":"https:\/\/rnoticias.com.mx\/Portal\/wp-json\/wp\/v2\/media\/212852"}],"wp:attachment":[{"href":"https:\/\/rnoticias.com.mx\/Portal\/wp-json\/wp\/v2\/media?parent=212851"}],"wp:term":[{"taxonomy":"category","embeddable":true,"href":"https:\/\/rnoticias.com.mx\/Portal\/wp-json\/wp\/v2\/categories?post=212851"},{"taxonomy":"post_tag","embeddable":true,"href":"https:\/\/rnoticias.com.mx\/Portal\/wp-json\/wp\/v2\/tags?post=212851"}],"curies":[{"name":"wp","href":"https:\/\/api.w.org\/{rel}","templated":true}]}}