{"id":212845,"date":"2025-03-25T19:34:47","date_gmt":"2025-03-25T19:34:47","guid":{"rendered":"https:\/\/rnoticias.com.mx\/Portal\/?p=212845"},"modified":"2025-03-25T19:34:47","modified_gmt":"2025-03-25T19:34:47","slug":"solicitara-beltrones-parlamento-abierto-en-el-senado-para-el-analisis-de-las-iniciativas-contra-la-desaparicion-de-personas","status":"publish","type":"post","link":"https:\/\/rnoticias.com.mx\/Portal\/2025\/03\/25\/solicitara-beltrones-parlamento-abierto-en-el-senado-para-el-analisis-de-las-iniciativas-contra-la-desaparicion-de-personas\/","title":{"rendered":"Solicitar\u00e1 Beltrones parlamento abierto en el Senado para el an\u00e1lisis de las iniciativas contra la desaparici\u00f3n de personas"},"content":{"rendered":"<p>Ciudad de M\u00e9xico, marzo 25 de 2025.- Tras exponer que la desaparicion de personas es un m\u00e9todo delincuencial que estaba oculto y que fue visibilizado por los colectivos de b\u00fasqueda, y que reconocerlo y debatirlo es sano para el pa\u00eds, el Senador Manlio Fabio Beltrones calific\u00f3 como positivas las iniciativas presentadas por la presidenta de M\u00e9xico Claudia Sheinbaum, en materia de desaparici\u00f3n forzada y adelant\u00f3 que propondr\u00e1 al Senado de la Republica un parlamento abierto para discutirlas y enriquecerlas.<\/p>\n<p>\u201cUna vez enviadas las iniciativas de la presidenta de la Rep\u00fablica, solicitar\u00e9 un parlamento abierto para que vengan los colectivos de madres buscadoras a opinar sobre las iniciativas y lo que mas convenga al pa\u00eds. Es la hora de que compartamos la soluci\u00f3n con aquellos que han sufrido directamente esta desgracia\u201d, expuso en entrevista televisiva.<\/p>\n<p>Beltrones Rivera se dijo listo para que una vez que se reciban las iniciativas de la Presidenta Sheimbaum y sean dictaminadas, poder combinar con las que ya existen el Senado, incluyendo una propia, donde plantea reconocer a las madres buscadoras como auxiliares de la Comisi\u00f3n Nacional de B\u00fasqueda.<\/p>\n<p>\u201cHemos escuchado por 7 meses a los colectivos de madres buscadoras, no son ocurrencias, son experiencias, aqu\u00ed lo importante es entender a estos colectivos por eso pediremos el parlamento abierto\u201d, coment\u00f3 Beltrones confiando que la mayor\u00eda de Morena atienda y escuche a los colectivos.<\/p>\n<p>\u201cEs inevitable que se dictamen las iniciativas que enviar\u00e1 la presidenta Sheinbaum, esperemos que se construyan escuchando a quienes han sufrido esta desgracia, de lo contrario solo estaremos dando respuestas pol\u00edticas a un problema real que se vive en M\u00e9xico. Debe haber muchos Teuchitlanes, los buscadores han evidenciado las desapariciones, y han estado haciendo una tarea que le toca al gobierno, puntualiz\u00f3.<\/p>\n<p>Se\u00f1al\u00f3 que este gobierno a diferencia del anterior, est\u00e1 encarando bien y diferente el tema la inseguridad p\u00fablica en M\u00e9xico y eso hay que reconocerlo.<\/p>\n<p>\u201cHoy vemos mejores resultados, no los que quisi\u00e9ramos lo que importa hoy y hacia el futuro es que, las cosas se hagan de mejor manera sin ocultar la informaci\u00f3n y con combate al crimen organizado\u201d, asever\u00f3.<\/p>\n","protected":false},"excerpt":{"rendered":"<p>Ciudad de M\u00e9xico, marzo 25 de 2025.- Tras exponer que la desaparicion de personas es un m\u00e9todo delincuencial que estaba oculto y que fue visibilizado por los colectivos de b\u00fasqueda, y que reconocerlo y debatirlo es sano para el pa\u00eds, el Senador Manlio Fabio Beltrones calific\u00f3 como positivas las iniciativas presentadas por la presidenta de [&hellip;]<\/p>\n","protected":false},"author":2,"featured_media":212846,"comment_status":"closed","ping_status":"closed","sticky":false,"template":"","format":"standard","meta":{"footnotes":""},"categories":[12870,178],"tags":[12865,12869],"class_list":["post-212845","post","type-post","status-publish","format-standard","has-post-thumbnail","hentry","category-destacadas","category-local","tag-destacadas","tag-local"],"jetpack_featured_media_url":"https:\/\/rnoticias.com.mx\/Portal\/wp-content\/uploads\/2025\/03\/senador-beltrones-696x464-1.jpeg","amp_enabled":true,"_links":{"self":[{"href":"https:\/\/rnoticias.com.mx\/Portal\/wp-json\/wp\/v2\/posts\/212845","targetHints":{"allow":["GET"]}}],"collection":[{"href":"https:\/\/rnoticias.com.mx\/Portal\/wp-json\/wp\/v2\/posts"}],"about":[{"href":"https:\/\/rnoticias.com.mx\/Portal\/wp-json\/wp\/v2\/types\/post"}],"author":[{"embeddable":true,"href":"https:\/\/rnoticias.com.mx\/Portal\/wp-json\/wp\/v2\/users\/2"}],"replies":[{"embeddable":true,"href":"https:\/\/rnoticias.com.mx\/Portal\/wp-json\/wp\/v2\/comments?post=212845"}],"version-history":[{"count":1,"href":"https:\/\/rnoticias.com.mx\/Portal\/wp-json\/wp\/v2\/posts\/212845\/revisions"}],"predecessor-version":[{"id":212847,"href":"https:\/\/rnoticias.com.mx\/Portal\/wp-json\/wp\/v2\/posts\/212845\/revisions\/212847"}],"wp:featuredmedia":[{"embeddable":true,"href":"https:\/\/rnoticias.com.mx\/Portal\/wp-json\/wp\/v2\/media\/212846"}],"wp:attachment":[{"href":"https:\/\/rnoticias.com.mx\/Portal\/wp-json\/wp\/v2\/media?parent=212845"}],"wp:term":[{"taxonomy":"category","embeddable":true,"href":"https:\/\/rnoticias.com.mx\/Portal\/wp-json\/wp\/v2\/categories?post=212845"},{"taxonomy":"post_tag","embeddable":true,"href":"https:\/\/rnoticias.com.mx\/Portal\/wp-json\/wp\/v2\/tags?post=212845"}],"curies":[{"name":"wp","href":"https:\/\/api.w.org\/{rel}","templated":true}]}}